{"id":4379,"date":"2024-01-17T12:16:52","date_gmt":"2024-01-17T12:16:52","guid":{"rendered":"https:\/\/larock.com.es\/site\/?p=4379"},"modified":"2024-01-17T12:16:53","modified_gmt":"2024-01-17T12:16:53","slug":"i-love-by-dj-nano-una-fiesta-imperdible","status":"publish","type":"post","link":"https:\/\/larock.com.es\/site\/2024\/01\/17\/i-love-by-dj-nano-una-fiesta-imperdible\/","title":{"rendered":"I LOVE! BY DJ NANO. UNA FIESTA IMPERDIBLE"},"content":{"rendered":"\n<p>I Love! by Dj Nano llega el pr\u00f3ximo 17 de febrero para celebrar la fiesta m\u00e1s bonita del mundo y poner a bailar con la mejor m\u00fasica electr\u00f3nica a todo LIVE LAS VENTAS. Volver\u00e1 a inundar Madrid con amor, pasi\u00f3n y felicidad gracias a una de las fiestas m\u00e1s especiales y emotivas de DJ NANO.<\/p>\n\n\n\n<p>I Love! promete ser una noche m\u00e1gica en la que el artista madrile\u00f1o mezclar\u00e1 m\u00fasica remember con temas m\u00e1s actuales en las que te har\u00e1 vivir un viaje en el tiempo para que te lo pases como nunca.<\/p>\n\n\n\n<p class=\"has-text-align-center\"><em>UNA TRAVES\u00cdA MUSICAL EN EL TIEMPO<\/em><\/p>\n\n\n\n<p>Los corazones comienzan a palpitar con m\u00e1s ilusi\u00f3n que nunca y eso solo significa que esta edici\u00f3n ser\u00e1 la m\u00e1s incre\u00edble de todas junto a Andrew Rayel, Romey y nuestro querid\u00edsimo Dj Nano que le pondr\u00e1 la guinda al pastel. <\/p>\n\n\n\n<p>Entradas a la venta en: <a href=\"https:\/\/www.ticketmaster.es\/event\/38405?brand=base_mb_es\" data-type=\"URL\" data-id=\"https:\/\/www.ticketmaster.es\/event\/38405?brand=base_mb_es\">https:\/\/www.ticketmaster.es\/event\/38405?brand=base_mb_es<\/a><\/p>\n\n\n\n<figure class=\"wp-block-image size-large is-style-default\"><img loading=\"lazy\" decoding=\"async\" width=\"1024\" height=\"1024\" src=\"https:\/\/larock.com.es\/site\/wp-content\/uploads\/2024\/01\/AAFF_TICKETERAS-ILOVE_TICKETERA_1_1080_72-2-1024x1024.jpg\" alt=\"\" class=\"wp-image-4380\" srcset=\"https:\/\/larock.com.es\/site\/wp-content\/uploads\/2024\/01\/AAFF_TICKETERAS-ILOVE_TICKETERA_1_1080_72-2-1024x1024.jpg 1024w, https:\/\/larock.com.es\/site\/wp-content\/uploads\/2024\/01\/AAFF_TICKETERAS-ILOVE_TICKETERA_1_1080_72-2-300x300.jpg 300w, https:\/\/larock.com.es\/site\/wp-content\/uploads\/2024\/01\/AAFF_TICKETERAS-ILOVE_TICKETERA_1_1080_72-2-150x150.jpg 150w, https:\/\/larock.com.es\/site\/wp-content\/uploads\/2024\/01\/AAFF_TICKETERAS-ILOVE_TICKETERA_1_1080_72-2-768x768.jpg 768w, https:\/\/larock.com.es\/site\/wp-content\/uploads\/2024\/01\/AAFF_TICKETERAS-ILOVE_TICKETERA_1_1080_72-2.jpg 1080w\" sizes=\"auto, (max-width: 1024px) 100vw, 1024px\" \/><\/figure>\n\n\n\n<p><\/p>\n\n\n\n<p><\/p>\n","protected":false},"excerpt":{"rendered":"<p>I Love! by Dj Nano llega el pr\u00f3ximo 17 de febrero para celebrar la fiesta m\u00e1s bonita del mundo y poner a bailar con la mejor m\u00fasica electr\u00f3nica a todo LIVE LAS VENTAS. Volver\u00e1 a inundar Madrid con amor, pasi\u00f3n y felicidad gracias a una de las fiestas m\u00e1s especiales y emotivas de DJ NANO. [&hellip;]<\/p>\n","protected":false},"author":2,"featured_media":4380,"comment_status":"closed","ping_status":"open","sticky":false,"template":"","format":"standard","meta":{"footnotes":""},"categories":[27],"tags":[260,259,262,261],"class_list":["post-4379","post","type-post","status-publish","format-standard","has-post-thumbnail","hentry","category-noticias","tag-17-febrero","tag-dj-nano","tag-i-love","tag-la-fiesta-mas-bonita-del-mundo"],"_links":{"self":[{"href":"https:\/\/larock.com.es\/site\/wp-json\/wp\/v2\/posts\/4379","targetHints":{"allow":["GET"]}}],"collection":[{"href":"https:\/\/larock.com.es\/site\/wp-json\/wp\/v2\/posts"}],"about":[{"href":"https:\/\/larock.com.es\/site\/wp-json\/wp\/v2\/types\/post"}],"author":[{"embeddable":true,"href":"https:\/\/larock.com.es\/site\/wp-json\/wp\/v2\/users\/2"}],"replies":[{"embeddable":true,"href":"https:\/\/larock.com.es\/site\/wp-json\/wp\/v2\/comments?post=4379"}],"version-history":[{"count":2,"href":"https:\/\/larock.com.es\/site\/wp-json\/wp\/v2\/posts\/4379\/revisions"}],"predecessor-version":[{"id":4382,"href":"https:\/\/larock.com.es\/site\/wp-json\/wp\/v2\/posts\/4379\/revisions\/4382"}],"wp:featuredmedia":[{"embeddable":true,"href":"https:\/\/larock.com.es\/site\/wp-json\/wp\/v2\/media\/4380"}],"wp:attachment":[{"href":"https:\/\/larock.com.es\/site\/wp-json\/wp\/v2\/media?parent=4379"}],"wp:term":[{"taxonomy":"category","embeddable":true,"href":"https:\/\/larock.com.es\/site\/wp-json\/wp\/v2\/categories?post=4379"},{"taxonomy":"post_tag","embeddable":true,"href":"https:\/\/larock.com.es\/site\/wp-json\/wp\/v2\/tags?post=4379"}],"curies":[{"name":"wp","href":"https:\/\/api.w.org\/{rel}","templated":true}]}}