{"id":4356,"date":"2024-01-08T09:22:29","date_gmt":"2024-01-08T09:22:29","guid":{"rendered":"https:\/\/larock.com.es\/site\/?p=4356"},"modified":"2024-01-08T09:22:30","modified_gmt":"2024-01-08T09:22:30","slug":"julieta-venegas-estara-en-el-escenario-fundacion-unicaja-este-verano","status":"publish","type":"post","link":"https:\/\/larock.com.es\/site\/2024\/01\/08\/julieta-venegas-estara-en-el-escenario-fundacion-unicaja-este-verano\/","title":{"rendered":"\u00a1Julieta Venegas estar\u00e1 en el escenario Fundaci\u00f3n Unicaja este verano!"},"content":{"rendered":"\n<p>Julieta Venegas es una de las voces femeninas de referencia en M\u00e9xico y, sin duda alguna, una de las cantantes y compositoras m\u00e1s conocidas del pa\u00eds latino fuera de sus fronteras. Con varios Premios Latin Grammy y m\u00e1s de 12 millones de discos vendidos, su gran voz es un sello inconfundible que llega y transmite.<\/p>\n\n\n\n<p>Entradas a la venta en: <a href=\"https:\/\/marenostrumfuengirola.janto.es\/espectaculo\/julieta-venegas\/JULIETAV2024\">https:\/\/marenostrumfuengirola.janto.es\/espectaculo\/julieta-venegas\/JULIETAV2024<\/a><\/p>\n\n\n\n<figure class=\"wp-block-image size-large is-style-default\"><img loading=\"lazy\" decoding=\"async\" width=\"819\" height=\"1024\" src=\"https:\/\/larock.com.es\/site\/wp-content\/uploads\/2024\/01\/JULIETA-VENEGAS-INSTAGRAM-1080X1350-002-1-819x1024.jpg\" alt=\"\" class=\"wp-image-4357\" srcset=\"https:\/\/larock.com.es\/site\/wp-content\/uploads\/2024\/01\/JULIETA-VENEGAS-INSTAGRAM-1080X1350-002-1-819x1024.jpg 819w, https:\/\/larock.com.es\/site\/wp-content\/uploads\/2024\/01\/JULIETA-VENEGAS-INSTAGRAM-1080X1350-002-1-240x300.jpg 240w, https:\/\/larock.com.es\/site\/wp-content\/uploads\/2024\/01\/JULIETA-VENEGAS-INSTAGRAM-1080X1350-002-1-768x961.jpg 768w, https:\/\/larock.com.es\/site\/wp-content\/uploads\/2024\/01\/JULIETA-VENEGAS-INSTAGRAM-1080X1350-002-1.jpg 1080w\" sizes=\"auto, (max-width: 819px) 100vw, 819px\" \/><\/figure>\n\n\n\n<p><\/p>\n\n\n\n<p><\/p>\n","protected":false},"excerpt":{"rendered":"<p>Julieta Venegas es una de las voces femeninas de referencia en M\u00e9xico y, sin duda alguna, una de las cantantes y compositoras m\u00e1s conocidas del pa\u00eds latino fuera de sus fronteras. Con varios Premios Latin Grammy y m\u00e1s de 12 millones de discos vendidos, su gran voz es un sello inconfundible que llega y transmite. [&hellip;]<\/p>\n","protected":false},"author":2,"featured_media":4357,"comment_status":"closed","ping_status":"open","sticky":false,"template":"","format":"standard","meta":{"footnotes":""},"categories":[27],"tags":[258,257,37],"class_list":["post-4356","post","type-post","status-publish","format-standard","has-post-thumbnail","hentry","category-noticias","tag-23-julio-2024","tag-julieta-venegas","tag-marenostrum-fuengirola"],"_links":{"self":[{"href":"https:\/\/larock.com.es\/site\/wp-json\/wp\/v2\/posts\/4356","targetHints":{"allow":["GET"]}}],"collection":[{"href":"https:\/\/larock.com.es\/site\/wp-json\/wp\/v2\/posts"}],"about":[{"href":"https:\/\/larock.com.es\/site\/wp-json\/wp\/v2\/types\/post"}],"author":[{"embeddable":true,"href":"https:\/\/larock.com.es\/site\/wp-json\/wp\/v2\/users\/2"}],"replies":[{"embeddable":true,"href":"https:\/\/larock.com.es\/site\/wp-json\/wp\/v2\/comments?post=4356"}],"version-history":[{"count":2,"href":"https:\/\/larock.com.es\/site\/wp-json\/wp\/v2\/posts\/4356\/revisions"}],"predecessor-version":[{"id":4359,"href":"https:\/\/larock.com.es\/site\/wp-json\/wp\/v2\/posts\/4356\/revisions\/4359"}],"wp:featuredmedia":[{"embeddable":true,"href":"https:\/\/larock.com.es\/site\/wp-json\/wp\/v2\/media\/4357"}],"wp:attachment":[{"href":"https:\/\/larock.com.es\/site\/wp-json\/wp\/v2\/media?parent=4356"}],"wp:term":[{"taxonomy":"category","embeddable":true,"href":"https:\/\/larock.com.es\/site\/wp-json\/wp\/v2\/categories?post=4356"},{"taxonomy":"post_tag","embeddable":true,"href":"https:\/\/larock.com.es\/site\/wp-json\/wp\/v2\/tags?post=4356"}],"curies":[{"name":"wp","href":"https:\/\/api.w.org\/{rel}","templated":true}]}}