{"id":4344,"date":"2023-12-28T11:27:43","date_gmt":"2023-12-28T11:27:43","guid":{"rendered":"https:\/\/larock.com.es\/site\/?p=4344"},"modified":"2024-01-11T09:56:06","modified_gmt":"2024-01-11T09:56:06","slug":"bresh-malaga-la-fiesta-mas-linda-que-esta-arrasando-por-todo-el-mundo-llega-de-nuevo-en-exclusiva-a-malaga","status":"publish","type":"post","link":"https:\/\/larock.com.es\/site\/2023\/12\/28\/bresh-malaga-la-fiesta-mas-linda-que-esta-arrasando-por-todo-el-mundo-llega-de-nuevo-en-exclusiva-a-malaga\/","title":{"rendered":"\u00a1BRESH: M\u00e1laga!  La fiesta m\u00e1s linda que est\u00e1 arrasando por todo el mundo llega de nuevo, en exclusiva, a M\u00e1laga"},"content":{"rendered":"\n<ul class=\"wp-block-list\"><li><em>Una noche inolvidable con la mejor producci\u00f3n, m\u00fasica y sorpresas que te puedas imaginar,&nbsp;en&nbsp;Autocine M\u00e1laga<\/em><\/li><\/ul>\n\n\n\n<p>\u00a1Disfruta de una experiencia verdaderamente \u00fanica dentro de la capital de M\u00e1laga, con el evento de moda que est\u00e1 arrasando en todo el mundo! Una fiesta por la que han pasado grandes estrellas de la m\u00fasica actual, y en la que podr\u00e1s disfrutar del mejor reggaeton, pop y cl\u00e1sicos de la vieja escuela. Con shows, su especial puesta en escena, una decoraci\u00f3n y animaci\u00f3n incre\u00edbles y muchas m\u00e1s sorpresas que solo sabr\u00e1n aquellos que tengan el privilegio de compartir esta noche juntos. \u00a1Presume de noche y no faltes a BRESH! \u00a1Consigue tus entradas para BRESH: \u00a1La fiesta m\u00e1s linda del mundo en M\u00e1laga!<\/p>\n\n\n\n<p>Entradas a la venta en: <a href=\"https:\/\/www.elcorteingles.es\/entradas\/experiencias\/entradas-bresh-la-fiesta-mas-linda-del-mundo-malaga\/\">Entradas BRESH &#8211; La Fiesta M\u00e1s Linda del Mundo en M\u00e1laga | El Corte Ingl\u00e9s (elcorteingles.es)<\/a><\/p>\n\n\n\n<figure class=\"wp-block-image size-large is-style-default\"><img loading=\"lazy\" decoding=\"async\" width=\"1024\" height=\"1024\" src=\"https:\/\/larock.com.es\/site\/wp-content\/uploads\/2024\/01\/1080x1080-1-1024x1024.jpg\" alt=\"\" class=\"wp-image-4364\" srcset=\"https:\/\/larock.com.es\/site\/wp-content\/uploads\/2024\/01\/1080x1080-1-1024x1024.jpg 1024w, https:\/\/larock.com.es\/site\/wp-content\/uploads\/2024\/01\/1080x1080-1-300x300.jpg 300w, https:\/\/larock.com.es\/site\/wp-content\/uploads\/2024\/01\/1080x1080-1-150x150.jpg 150w, https:\/\/larock.com.es\/site\/wp-content\/uploads\/2024\/01\/1080x1080-1-768x768.jpg 768w, https:\/\/larock.com.es\/site\/wp-content\/uploads\/2024\/01\/1080x1080-1.jpg 1080w\" sizes=\"auto, (max-width: 1024px) 100vw, 1024px\" \/><\/figure>\n\n\n\n<p><\/p>\n\n\n\n<p><\/p>\n","protected":false},"excerpt":{"rendered":"<p>Una noche inolvidable con la mejor producci\u00f3n, m\u00fasica y sorpresas que te puedas imaginar,&nbsp;en&nbsp;Autocine M\u00e1laga \u00a1Disfruta de una experiencia verdaderamente \u00fanica dentro de la capital de M\u00e1laga, con el evento de moda que est\u00e1 arrasando en todo el mundo! Una fiesta por la que han pasado grandes estrellas de la m\u00fasica actual, y en la [&hellip;]<\/p>\n","protected":false},"author":2,"featured_media":4364,"comment_status":"closed","ping_status":"open","sticky":false,"template":"","format":"standard","meta":{"footnotes":""},"categories":[27],"tags":[254,255,252,256,253],"class_list":["post-4344","post","type-post","status-publish","format-standard","has-post-thumbnail","hentry","category-noticias","tag-18-mayo-2024","tag-autocine-malaga","tag-bresh","tag-fiesta","tag-la-fiesta-mas-linda-del-mundo"],"_links":{"self":[{"href":"https:\/\/larock.com.es\/site\/wp-json\/wp\/v2\/posts\/4344","targetHints":{"allow":["GET"]}}],"collection":[{"href":"https:\/\/larock.com.es\/site\/wp-json\/wp\/v2\/posts"}],"about":[{"href":"https:\/\/larock.com.es\/site\/wp-json\/wp\/v2\/types\/post"}],"author":[{"embeddable":true,"href":"https:\/\/larock.com.es\/site\/wp-json\/wp\/v2\/users\/2"}],"replies":[{"embeddable":true,"href":"https:\/\/larock.com.es\/site\/wp-json\/wp\/v2\/comments?post=4344"}],"version-history":[{"count":4,"href":"https:\/\/larock.com.es\/site\/wp-json\/wp\/v2\/posts\/4344\/revisions"}],"predecessor-version":[{"id":4366,"href":"https:\/\/larock.com.es\/site\/wp-json\/wp\/v2\/posts\/4344\/revisions\/4366"}],"wp:featuredmedia":[{"embeddable":true,"href":"https:\/\/larock.com.es\/site\/wp-json\/wp\/v2\/media\/4364"}],"wp:attachment":[{"href":"https:\/\/larock.com.es\/site\/wp-json\/wp\/v2\/media?parent=4344"}],"wp:term":[{"taxonomy":"category","embeddable":true,"href":"https:\/\/larock.com.es\/site\/wp-json\/wp\/v2\/categories?post=4344"},{"taxonomy":"post_tag","embeddable":true,"href":"https:\/\/larock.com.es\/site\/wp-json\/wp\/v2\/tags?post=4344"}],"curies":[{"name":"wp","href":"https:\/\/api.w.org\/{rel}","templated":true}]}}