{"id":4332,"date":"2023-12-26T10:45:28","date_gmt":"2023-12-26T10:45:28","guid":{"rendered":"https:\/\/larock.com.es\/site\/?p=4332"},"modified":"2023-12-26T10:45:28","modified_gmt":"2023-12-26T10:45:28","slug":"manolo-garcia-presenta-nueva-gira-2024-en-formato-electrico-en-grandes-recintos","status":"publish","type":"post","link":"https:\/\/larock.com.es\/site\/2023\/12\/26\/manolo-garcia-presenta-nueva-gira-2024-en-formato-electrico-en-grandes-recintos\/","title":{"rendered":"MANOLO GARC\u00cdA PRESENTA NUEVA GIRA 2024 EN FORMATO EL\u00c9CTRICO EN GRANDES RECINTOS"},"content":{"rendered":"\n<ul class=\"wp-block-list\"><li><strong>Tras colgar el cartel de entradas agotadas en todos los conciertos de su Gira de Teatros, Manolo Garc\u00eda recorrer\u00e1 los recintos m\u00e1s emblem\u00e1ticos de la geograf\u00eda espa\u00f1ola en un formato muy esperado<\/strong><\/li><\/ul>\n\n\n\n<p>Con una vibrante escenograf\u00eda y una de las voces m\u00e1s ic\u00f3nicas del panorama musical, esta cita ser\u00e1 una experiencia imprescindible en la que Manolo Garc\u00eda interpretar\u00e1 en directo las canciones de su \u00faltimo trabajo de estudio que est\u00e1 compuesto por un doble \u00e1lbum y que incluye los t\u00edtulos<strong> Mi Vida en Marte y Desatinos Desplumados<\/strong>, y que han pulverizado todos los r\u00e9cords de venta.<\/p>\n\n\n\n<p>Adem\u00e1s, en este esperado tour, los espectadores podr\u00e1n disfrutar en directo de los grandes \u00e9xitos de Manolo Garc\u00eda que ya forman parte de la historia de la m\u00fasica de nuestro pa\u00eds como son <em>P\u00e1jaros de Barro, A San Fernando Un Ratito a Pie y Otro Caminando o Nunca El Tiempo es Perdido.<\/em><\/p>\n\n\n\n<p>Cuando se cumplen dos d\u00e9cadas de su trayectoria en solitario, precedidas del inolvidable El \u00daltimo de la Fila, el m\u00fasico barcelon\u00e9s nos entrega estos dos nuevos trabajos,<strong> puro Manolo Garc\u00eda en su mejor mome<\/strong>nto.<\/p>\n\n\n\n<p>Entradas a la venta en: <a href=\"https:\/\/www.ticketmaster.es\/event\/manolo-garcia-entradas\/38091\" data-type=\"URL\" data-id=\"https:\/\/www.ticketmaster.es\/event\/manolo-garcia-entradas\/38091\">https:\/\/www.ticketmaster.es\/event\/manolo-garcia-entradas\/38091<\/a><\/p>\n\n\n\n<p><\/p>\n\n\n\n<figure class=\"wp-block-image size-large is-style-default\"><img loading=\"lazy\" decoding=\"async\" width=\"1024\" height=\"1024\" src=\"https:\/\/larock.com.es\/site\/wp-content\/uploads\/2023\/12\/MANOLO_MADRID_FEED-3-1024x1024.jpg\" alt=\"\" class=\"wp-image-4335\" srcset=\"https:\/\/larock.com.es\/site\/wp-content\/uploads\/2023\/12\/MANOLO_MADRID_FEED-3-1024x1024.jpg 1024w, https:\/\/larock.com.es\/site\/wp-content\/uploads\/2023\/12\/MANOLO_MADRID_FEED-3-300x300.jpg 300w, https:\/\/larock.com.es\/site\/wp-content\/uploads\/2023\/12\/MANOLO_MADRID_FEED-3-150x150.jpg 150w, https:\/\/larock.com.es\/site\/wp-content\/uploads\/2023\/12\/MANOLO_MADRID_FEED-3-768x768.jpg 768w, https:\/\/larock.com.es\/site\/wp-content\/uploads\/2023\/12\/MANOLO_MADRID_FEED-3.jpg 1080w\" sizes=\"auto, (max-width: 1024px) 100vw, 1024px\" \/><\/figure>\n\n\n\n<p><\/p>\n\n\n\n<p><\/p>\n","protected":false},"excerpt":{"rendered":"<p>Tras colgar el cartel de entradas agotadas en todos los conciertos de su Gira de Teatros, Manolo Garc\u00eda recorrer\u00e1 los recintos m\u00e1s emblem\u00e1ticos de la geograf\u00eda espa\u00f1ola en un formato muy esperado Con una vibrante escenograf\u00eda y una de las voces m\u00e1s ic\u00f3nicas del panorama musical, esta cita ser\u00e1 una experiencia imprescindible en la que [&hellip;]<\/p>\n","protected":false},"author":2,"featured_media":4335,"comment_status":"closed","ping_status":"open","sticky":false,"template":"","format":"standard","meta":{"footnotes":""},"categories":[27],"tags":[250,233,251,32,138,202],"class_list":["post-4332","post","type-post","status-publish","format-standard","has-post-thumbnail","hentry","category-noticias","tag-13-octubre-2024","tag-entradas-a-la-venta","tag-gira-2024","tag-madrid","tag-manolo-garcia","tag-wizink-center"],"_links":{"self":[{"href":"https:\/\/larock.com.es\/site\/wp-json\/wp\/v2\/posts\/4332","targetHints":{"allow":["GET"]}}],"collection":[{"href":"https:\/\/larock.com.es\/site\/wp-json\/wp\/v2\/posts"}],"about":[{"href":"https:\/\/larock.com.es\/site\/wp-json\/wp\/v2\/types\/post"}],"author":[{"embeddable":true,"href":"https:\/\/larock.com.es\/site\/wp-json\/wp\/v2\/users\/2"}],"replies":[{"embeddable":true,"href":"https:\/\/larock.com.es\/site\/wp-json\/wp\/v2\/comments?post=4332"}],"version-history":[{"count":2,"href":"https:\/\/larock.com.es\/site\/wp-json\/wp\/v2\/posts\/4332\/revisions"}],"predecessor-version":[{"id":4337,"href":"https:\/\/larock.com.es\/site\/wp-json\/wp\/v2\/posts\/4332\/revisions\/4337"}],"wp:featuredmedia":[{"embeddable":true,"href":"https:\/\/larock.com.es\/site\/wp-json\/wp\/v2\/media\/4335"}],"wp:attachment":[{"href":"https:\/\/larock.com.es\/site\/wp-json\/wp\/v2\/media?parent=4332"}],"wp:term":[{"taxonomy":"category","embeddable":true,"href":"https:\/\/larock.com.es\/site\/wp-json\/wp\/v2\/categories?post=4332"},{"taxonomy":"post_tag","embeddable":true,"href":"https:\/\/larock.com.es\/site\/wp-json\/wp\/v2\/tags?post=4332"}],"curies":[{"name":"wp","href":"https:\/\/api.w.org\/{rel}","templated":true}]}}