{"id":4291,"date":"2023-12-15T13:20:19","date_gmt":"2023-12-15T13:20:19","guid":{"rendered":"http:\/\/larock.com.es\/site\/?p=4291"},"modified":"2023-12-15T13:56:13","modified_gmt":"2023-12-15T13:56:13","slug":"fe-festival-celebra-en-madrid-su-primera-edicion-con-grandes-nombres-de-la-musica-cristiana","status":"publish","type":"post","link":"https:\/\/larock.com.es\/site\/2023\/12\/15\/fe-festival-celebra-en-madrid-su-primera-edicion-con-grandes-nombres-de-la-musica-cristiana\/","title":{"rendered":"FE FESTIVAL CELEBRA EN MADRID SU PRIMERA EDICI\u00d3N CON GRANDES NOMBRES DE LA M\u00daSICA CRISTIANA."},"content":{"rendered":"\n<ul class=\"wp-block-list\"><li>El pr\u00f3ximo 27 de abril, el Wizink Center de Madrid acoger\u00e1 la gran cita musical cristiana de la temporada. Esta primera edici\u00f3n de Fe Festival re\u00fane a tres distinguidos artistas de este g\u00e9nero musical, que experimenta un notable auge de fieles seguidores.<\/li><\/ul>\n\n\n\n<ul class=\"wp-block-list\"><li>Alex Campos, ganador de 5 Latin Grammy ser\u00e1 junto a la mexicana Marcela Gandara los artistas que encabecen el cartel. El Dj Hui Brazil, uno de los m\u00e1s reconocidos de este g\u00e9nero, ser\u00e1 el encargado de inaugurar esta edici\u00f3n.<\/li><\/ul>\n\n\n\n<ul class=\"wp-block-list\"><li>Las entradas est\u00e1n a la venta en www.entradas.com y Wizink Center.<\/li><\/ul>\n\n\n\n<p>La m\u00fasica cristiana se ha revelado como uno de los grandes fen\u00f3menos a nivel global. Un g\u00e9nero que contin\u00faa ampliando, no s\u00f3lo un important\u00edsimo n\u00famero de fans, sino tambi\u00e9n, los sonidos, cada vez m\u00e1s innovadores en lo que se desenvuelve, de la bachata, el pop o el rap, pasando por la mesa de mezclas de grandes Djs.<\/p>\n\n\n\n<p>La m\u00fasica es un instrumento muy poderoso para atraer esperanza y paz, instaurar valores humanos y compartir con los dem\u00e1s, especialmente en estos tiempos dif\u00edciles. Este es el gran \u00e9xito de la m\u00fasica cristiana, acercar la fe a trav\u00e9s de la m\u00fasica, sin fronteras, sin etiquetas, de una manera limpia y adapt\u00e1ndose a los nuevos tiempos y a los nuevos ritmos sin dejar de lado la cultura y las tradiciones para congregar en un mismo espacio y devoci\u00f3n a distintas generaciones. Y as\u00ed, bajo el lema de <strong>M\u00fasica para el Alma<\/strong>, nace en su primera edici\u00f3n <strong>Fe Festival<\/strong>, como respuesta de calidad a este movimiento mundial de m\u00fasica y fe. <strong>El Wizink Center de Madrid<\/strong> acoger\u00e1 el pr\u00f3ximo <strong>27 de abril de 2024<\/strong> la gran cita musical cristiana de la temporada.<\/p>\n\n\n\n<p>Entradas a la venta: <a href=\"https:\/\/www.entradas.com\/artist\/fe-festival\/\">https:\/\/www.entradas.com\/artist\/fe-festival\/<\/a><\/p>\n\n\n\n<p><\/p>\n\n\n\n<figure class=\"wp-block-image size-large is-style-default\"><img loading=\"lazy\" decoding=\"async\" width=\"1024\" height=\"1024\" src=\"http:\/\/larock.com.es\/site\/wp-content\/uploads\/2023\/12\/FE-FESTIVAL-1080X1080-1024x1024.jpg\" alt=\"\" class=\"wp-image-4294\" srcset=\"https:\/\/larock.com.es\/site\/wp-content\/uploads\/2023\/12\/FE-FESTIVAL-1080X1080-1024x1024.jpg 1024w, https:\/\/larock.com.es\/site\/wp-content\/uploads\/2023\/12\/FE-FESTIVAL-1080X1080-300x300.jpg 300w, https:\/\/larock.com.es\/site\/wp-content\/uploads\/2023\/12\/FE-FESTIVAL-1080X1080-150x150.jpg 150w, https:\/\/larock.com.es\/site\/wp-content\/uploads\/2023\/12\/FE-FESTIVAL-1080X1080-768x768.jpg 768w, https:\/\/larock.com.es\/site\/wp-content\/uploads\/2023\/12\/FE-FESTIVAL-1080X1080.jpg 1080w\" sizes=\"auto, (max-width: 1024px) 100vw, 1024px\" \/><\/figure>\n\n\n\n<p><\/p>\n\n\n\n<p><\/p>\n","protected":false},"excerpt":{"rendered":"<p>El pr\u00f3ximo 27 de abril, el Wizink Center de Madrid acoger\u00e1 la gran cita musical cristiana de la temporada. Esta primera edici\u00f3n de Fe Festival re\u00fane a tres distinguidos artistas de este g\u00e9nero musical, que experimenta un notable auge de fieles seguidores. Alex Campos, ganador de 5 Latin Grammy ser\u00e1 junto a la mexicana Marcela [&hellip;]<\/p>\n","protected":false},"author":2,"featured_media":4294,"comment_status":"closed","ping_status":"open","sticky":false,"template":"","format":"standard","meta":{"footnotes":""},"categories":[27],"tags":[247,233,248,249,202],"class_list":["post-4291","post","type-post","status-publish","format-standard","has-post-thumbnail","hentry","category-noticias","tag-27-abril-2024","tag-entradas-a-la-venta","tag-fe-festival","tag-musica-para-el-alma","tag-wizink-center"],"_links":{"self":[{"href":"https:\/\/larock.com.es\/site\/wp-json\/wp\/v2\/posts\/4291","targetHints":{"allow":["GET"]}}],"collection":[{"href":"https:\/\/larock.com.es\/site\/wp-json\/wp\/v2\/posts"}],"about":[{"href":"https:\/\/larock.com.es\/site\/wp-json\/wp\/v2\/types\/post"}],"author":[{"embeddable":true,"href":"https:\/\/larock.com.es\/site\/wp-json\/wp\/v2\/users\/2"}],"replies":[{"embeddable":true,"href":"https:\/\/larock.com.es\/site\/wp-json\/wp\/v2\/comments?post=4291"}],"version-history":[{"count":5,"href":"https:\/\/larock.com.es\/site\/wp-json\/wp\/v2\/posts\/4291\/revisions"}],"predecessor-version":[{"id":4307,"href":"https:\/\/larock.com.es\/site\/wp-json\/wp\/v2\/posts\/4291\/revisions\/4307"}],"wp:featuredmedia":[{"embeddable":true,"href":"https:\/\/larock.com.es\/site\/wp-json\/wp\/v2\/media\/4294"}],"wp:attachment":[{"href":"https:\/\/larock.com.es\/site\/wp-json\/wp\/v2\/media?parent=4291"}],"wp:term":[{"taxonomy":"category","embeddable":true,"href":"https:\/\/larock.com.es\/site\/wp-json\/wp\/v2\/categories?post=4291"},{"taxonomy":"post_tag","embeddable":true,"href":"https:\/\/larock.com.es\/site\/wp-json\/wp\/v2\/tags?post=4291"}],"curies":[{"name":"wp","href":"https:\/\/api.w.org\/{rel}","templated":true}]}}