{"id":4271,"date":"2023-12-04T15:27:38","date_gmt":"2023-12-04T15:27:38","guid":{"rendered":"http:\/\/larock.com.es\/site\/?p=4271"},"modified":"2023-12-04T15:27:38","modified_gmt":"2023-12-04T15:27:38","slug":"marenostrum-fuengirola-presenta-una-noche-de-pop-rock-con-dos-de-las-bandas-nacionales-mas-destacadas","status":"publish","type":"post","link":"https:\/\/larock.com.es\/site\/2023\/12\/04\/marenostrum-fuengirola-presenta-una-noche-de-pop-rock-con-dos-de-las-bandas-nacionales-mas-destacadas\/","title":{"rendered":"MARENOSTRUM FUENGIROLA PRESENTA UNA NOCHE DE POP ROCK CON DOS DE LAS BANDAS NACIONALES M\u00c1S DESTACADAS"},"content":{"rendered":"\n<p>Sidecars y El Columpio Asesino llenar\u00e1n de m\u00fasica la noche del 14 de junio. <\/p>\n\n\n\n<p>El Columpio Asesino se despide en esta gira de los escenarios y ser\u00e1 por tanto, la \u00faltima ocasi\u00f3n de disfrutar de los grandes \u00e9xitos de la banda navarra. <\/p>\n\n\n\n<p>Sidecars, por su parte, presentar\u00e1 su disco Trece con un directo lleno de sorpresas que se ir\u00e1n revelando a lo largo de los pr\u00f3ximos meses. <\/p>\n\n\n\n<p><strong><a href=\"https:\/\/marenostrumfuengirola.janto.es\/espectaculo\/sidecars-y-el-columpio-asesino\/SIDECOLU2024\" data-type=\"URL\" data-id=\"https:\/\/marenostrumfuengirola.janto.es\/espectaculo\/sidecars-y-el-columpio-asesino\/SIDECOLU2024\">Entradas a la venta<\/a><\/strong><\/p>\n\n\n\n<p><\/p>\n\n\n\n<figure class=\"wp-block-image size-large is-style-default\"><img loading=\"lazy\" decoding=\"async\" width=\"1024\" height=\"1024\" src=\"http:\/\/larock.com.es\/site\/wp-content\/uploads\/2023\/12\/SIDECARS-COLUMPIO-1080X1080-1024x1024.jpg\" alt=\"\" class=\"wp-image-4272\" srcset=\"https:\/\/larock.com.es\/site\/wp-content\/uploads\/2023\/12\/SIDECARS-COLUMPIO-1080X1080-1024x1024.jpg 1024w, https:\/\/larock.com.es\/site\/wp-content\/uploads\/2023\/12\/SIDECARS-COLUMPIO-1080X1080-300x300.jpg 300w, https:\/\/larock.com.es\/site\/wp-content\/uploads\/2023\/12\/SIDECARS-COLUMPIO-1080X1080-150x150.jpg 150w, https:\/\/larock.com.es\/site\/wp-content\/uploads\/2023\/12\/SIDECARS-COLUMPIO-1080X1080-768x768.jpg 768w, https:\/\/larock.com.es\/site\/wp-content\/uploads\/2023\/12\/SIDECARS-COLUMPIO-1080X1080.jpg 1080w\" sizes=\"auto, (max-width: 1024px) 100vw, 1024px\" \/><\/figure>\n\n\n\n<p><\/p>\n\n\n\n<p><\/p>\n","protected":false},"excerpt":{"rendered":"<p>Sidecars y El Columpio Asesino llenar\u00e1n de m\u00fasica la noche del 14 de junio. El Columpio Asesino se despide en esta gira de los escenarios y ser\u00e1 por tanto, la \u00faltima ocasi\u00f3n de disfrutar de los grandes \u00e9xitos de la banda navarra. Sidecars, por su parte, presentar\u00e1 su disco Trece con un directo lleno de [&hellip;]<\/p>\n","protected":false},"author":2,"featured_media":4272,"comment_status":"closed","ping_status":"open","sticky":false,"template":"","format":"standard","meta":{"footnotes":""},"categories":[27],"tags":[243,241,242,240,37,239],"class_list":["post-4271","post","type-post","status-publish","format-standard","has-post-thumbnail","hentry","category-noticias","tag-14-junio","tag-despedida","tag-disco-nuevo","tag-el-columpio-asesino","tag-marenostrum-fuengirola","tag-sidecars"],"_links":{"self":[{"href":"https:\/\/larock.com.es\/site\/wp-json\/wp\/v2\/posts\/4271","targetHints":{"allow":["GET"]}}],"collection":[{"href":"https:\/\/larock.com.es\/site\/wp-json\/wp\/v2\/posts"}],"about":[{"href":"https:\/\/larock.com.es\/site\/wp-json\/wp\/v2\/types\/post"}],"author":[{"embeddable":true,"href":"https:\/\/larock.com.es\/site\/wp-json\/wp\/v2\/users\/2"}],"replies":[{"embeddable":true,"href":"https:\/\/larock.com.es\/site\/wp-json\/wp\/v2\/comments?post=4271"}],"version-history":[{"count":2,"href":"https:\/\/larock.com.es\/site\/wp-json\/wp\/v2\/posts\/4271\/revisions"}],"predecessor-version":[{"id":4274,"href":"https:\/\/larock.com.es\/site\/wp-json\/wp\/v2\/posts\/4271\/revisions\/4274"}],"wp:featuredmedia":[{"embeddable":true,"href":"https:\/\/larock.com.es\/site\/wp-json\/wp\/v2\/media\/4272"}],"wp:attachment":[{"href":"https:\/\/larock.com.es\/site\/wp-json\/wp\/v2\/media?parent=4271"}],"wp:term":[{"taxonomy":"category","embeddable":true,"href":"https:\/\/larock.com.es\/site\/wp-json\/wp\/v2\/categories?post=4271"},{"taxonomy":"post_tag","embeddable":true,"href":"https:\/\/larock.com.es\/site\/wp-json\/wp\/v2\/tags?post=4271"}],"curies":[{"name":"wp","href":"https:\/\/api.w.org\/{rel}","templated":true}]}}