{"id":4267,"date":"2023-12-04T12:19:17","date_gmt":"2023-12-04T12:19:17","guid":{"rendered":"http:\/\/larock.com.es\/site\/?p=4267"},"modified":"2023-12-04T12:19:17","modified_gmt":"2023-12-04T12:19:17","slug":"el-arrebato-una-tarde-cualquiera","status":"publish","type":"post","link":"https:\/\/larock.com.es\/site\/2023\/12\/04\/el-arrebato-una-tarde-cualquiera\/","title":{"rendered":"EL ARREBATO &#8211; UNA TARDE CUALQUIERA"},"content":{"rendered":"\n<p>El Arrebato&nbsp;regresa con&nbsp;<em>Una Tarde Cualquiera<\/em>, un nuevo trabajo que tambi\u00e9n da nombre al tour que le har\u00e1 recorrer toda la geograf\u00eda espa\u00f1ola y que supone su vuelta a los escenarios en esta nueva etapa musical.<\/p>\n\n\n\n<p>Con una puesta en escena renovada, los fans podr\u00e1n disfrutar en directo de la m\u00e1s pura esencia de El Arrebato con su particular estilo pop-rock andaluz, en el que combina pop, flamenco y rumba en un repertorio in\u00e9dito.<\/p>\n\n\n\n<p>Durante sus 20 a\u00f1os de carrera como \u201cArrebato\u201d, ha recorrido los escenarios de toda la geograf\u00eda espa\u00f1ola, ha cosechado numerosos premios y reconocimientos, pero, sobre todo, ha sido capaz de ganarse el cari\u00f1o del p\u00fablico logrando una legi\u00f3n de admiradores fieles a su m\u00fasica.<\/p>\n\n\n\n<p><strong><a href=\"https:\/\/www.ticketmaster.es\/event\/37723?subchannel_id=11808&amp;brand=base_mb_es\" data-type=\"URL\" data-id=\"https:\/\/www.ticketmaster.es\/event\/37723?subchannel_id=11808&amp;brand=base_mb_es\">Entradas a la venta<\/a><\/strong><\/p>\n\n\n\n<p><\/p>\n\n\n\n<figure class=\"wp-block-image size-large is-style-default\"><img loading=\"lazy\" decoding=\"async\" width=\"1024\" height=\"1024\" src=\"http:\/\/larock.com.es\/site\/wp-content\/uploads\/2023\/12\/EL-ARREBATO-MADRID-FEED-1-1024x1024.jpg\" alt=\"\" class=\"wp-image-4268\" srcset=\"https:\/\/larock.com.es\/site\/wp-content\/uploads\/2023\/12\/EL-ARREBATO-MADRID-FEED-1-1024x1024.jpg 1024w, https:\/\/larock.com.es\/site\/wp-content\/uploads\/2023\/12\/EL-ARREBATO-MADRID-FEED-1-300x300.jpg 300w, https:\/\/larock.com.es\/site\/wp-content\/uploads\/2023\/12\/EL-ARREBATO-MADRID-FEED-1-150x150.jpg 150w, https:\/\/larock.com.es\/site\/wp-content\/uploads\/2023\/12\/EL-ARREBATO-MADRID-FEED-1-768x768.jpg 768w, https:\/\/larock.com.es\/site\/wp-content\/uploads\/2023\/12\/EL-ARREBATO-MADRID-FEED-1-1536x1536.jpg 1536w, https:\/\/larock.com.es\/site\/wp-content\/uploads\/2023\/12\/EL-ARREBATO-MADRID-FEED-1-2048x2048.jpg 2048w\" sizes=\"auto, (max-width: 1024px) 100vw, 1024px\" \/><\/figure>\n\n\n\n<p><\/p>\n\n\n\n<p><\/p>\n","protected":false},"excerpt":{"rendered":"<p>El Arrebato&nbsp;regresa con&nbsp;Una Tarde Cualquiera, un nuevo trabajo que tambi\u00e9n da nombre al tour que le har\u00e1 recorrer toda la geograf\u00eda espa\u00f1ola y que supone su vuelta a los escenarios en esta nueva etapa musical. Con una puesta en escena renovada, los fans podr\u00e1n disfrutar en directo de la m\u00e1s pura esencia de El Arrebato [&hellip;]<\/p>\n","protected":false},"author":2,"featured_media":4266,"comment_status":"closed","ping_status":"open","sticky":false,"template":"","format":"standard","meta":{"footnotes":""},"categories":[27],"tags":[238,197,233,210,237,32,236],"class_list":["post-4267","post","type-post","status-publish","format-standard","has-post-thumbnail","hentry","category-noticias","tag-09-febrero-2024","tag-el-arrebato","tag-entradas-a-la-venta","tag-espana","tag-live-las-ventas","tag-madrid","tag-una-tarde-cualquiera"],"_links":{"self":[{"href":"https:\/\/larock.com.es\/site\/wp-json\/wp\/v2\/posts\/4267","targetHints":{"allow":["GET"]}}],"collection":[{"href":"https:\/\/larock.com.es\/site\/wp-json\/wp\/v2\/posts"}],"about":[{"href":"https:\/\/larock.com.es\/site\/wp-json\/wp\/v2\/types\/post"}],"author":[{"embeddable":true,"href":"https:\/\/larock.com.es\/site\/wp-json\/wp\/v2\/users\/2"}],"replies":[{"embeddable":true,"href":"https:\/\/larock.com.es\/site\/wp-json\/wp\/v2\/comments?post=4267"}],"version-history":[{"count":2,"href":"https:\/\/larock.com.es\/site\/wp-json\/wp\/v2\/posts\/4267\/revisions"}],"predecessor-version":[{"id":4270,"href":"https:\/\/larock.com.es\/site\/wp-json\/wp\/v2\/posts\/4267\/revisions\/4270"}],"wp:featuredmedia":[{"embeddable":true,"href":"https:\/\/larock.com.es\/site\/wp-json\/wp\/v2\/media\/4266"}],"wp:attachment":[{"href":"https:\/\/larock.com.es\/site\/wp-json\/wp\/v2\/media?parent=4267"}],"wp:term":[{"taxonomy":"category","embeddable":true,"href":"https:\/\/larock.com.es\/site\/wp-json\/wp\/v2\/categories?post=4267"},{"taxonomy":"post_tag","embeddable":true,"href":"https:\/\/larock.com.es\/site\/wp-json\/wp\/v2\/tags?post=4267"}],"curies":[{"name":"wp","href":"https:\/\/api.w.org\/{rel}","templated":true}]}}