{"id":4145,"date":"2023-10-04T14:51:29","date_gmt":"2023-10-04T14:51:29","guid":{"rendered":"http:\/\/larock.com.es\/site\/?p=4145"},"modified":"2023-10-04T14:53:13","modified_gmt":"2023-10-04T14:53:13","slug":"mikecrack-y-la-superarma-secreta-sold-out-en-sevilla","status":"publish","type":"post","link":"https:\/\/larock.com.es\/site\/2023\/10\/04\/mikecrack-y-la-superarma-secreta-sold-out-en-sevilla\/","title":{"rendered":"Mikecrack y la Superarma Secreta &#8211; SOLD OUT en Sevilla"},"content":{"rendered":"\n<p>El pasado domingo 1 de octubre se estren\u00f3 la gira de Mikecrack y la Superarma Secreta con el primer sold out de la gira en Sevilla.<\/p>\n\n\n\n<p>El ambiente estaba cargado de emoci\u00f3n y el Cartuja Center se llen\u00f3 de risas, canciones, bailes y momentos inolvidables que dejaron a todos los asistentes con ganas de m\u00e1s.<\/p>\n\n\n\n<p>No te pierdas esta oportunidad y visita <a href=\"http:\/\/www.mikecrack.com\" rel=\"noreferrer noopener\" target=\"_blank\">www.mikecrack.com<\/a> para comprar tus entradas<\/p>\n\n\n\n<p>Siguiente parada: \u00a1Valladolid y Avil\u00e9s!<\/p>\n\n\n\n<p><strong><a href=\"https:\/\/www.mikecrack.com\/eventos\/\" data-type=\"URL\">Entradas a la venta<\/a><\/strong><\/p>\n\n\n\n<p><\/p>\n\n\n\n<figure class=\"wp-block-image size-large is-style-default\"><img loading=\"lazy\" decoding=\"async\" width=\"1024\" height=\"1024\" src=\"http:\/\/larock.com.es\/site\/wp-content\/uploads\/2023\/10\/SEVILLA-CARTEL-SOLD-OUT-1024X1024-1024x1024.jpg\" alt=\"\" class=\"wp-image-4146\" srcset=\"https:\/\/larock.com.es\/site\/wp-content\/uploads\/2023\/10\/SEVILLA-CARTEL-SOLD-OUT-1024X1024.jpg 1024w, https:\/\/larock.com.es\/site\/wp-content\/uploads\/2023\/10\/SEVILLA-CARTEL-SOLD-OUT-1024X1024-300x300.jpg 300w, https:\/\/larock.com.es\/site\/wp-content\/uploads\/2023\/10\/SEVILLA-CARTEL-SOLD-OUT-1024X1024-150x150.jpg 150w, https:\/\/larock.com.es\/site\/wp-content\/uploads\/2023\/10\/SEVILLA-CARTEL-SOLD-OUT-1024X1024-768x768.jpg 768w\" sizes=\"auto, (max-width: 1024px) 100vw, 1024px\" \/><\/figure>\n\n\n\n<p><\/p>\n\n\n\n<p><\/p>\n","protected":false},"excerpt":{"rendered":"<p>El pasado domingo 1 de octubre se estren\u00f3 la gira de Mikecrack y la Superarma Secreta con el primer sold out de la gira en Sevilla. El ambiente estaba cargado de emoci\u00f3n y el Cartuja Center se llen\u00f3 de risas, canciones, bailes y momentos inolvidables que dejaron a todos los asistentes con ganas de m\u00e1s. [&hellip;]<\/p>\n","protected":false},"author":2,"featured_media":4099,"comment_status":"closed","ping_status":"open","sticky":false,"template":"","format":"standard","meta":{"footnotes":""},"categories":[27],"tags":[233,210,208,231,235,230,52,232],"class_list":["post-4145","post","type-post","status-publish","format-standard","has-post-thumbnail","hentry","category-noticias","tag-entradas-a-la-venta","tag-espana","tag-gira","tag-mikecrack","tag-sevilla","tag-show-en-vivo","tag-sold-out","tag-superarmasecreta"],"_links":{"self":[{"href":"https:\/\/larock.com.es\/site\/wp-json\/wp\/v2\/posts\/4145","targetHints":{"allow":["GET"]}}],"collection":[{"href":"https:\/\/larock.com.es\/site\/wp-json\/wp\/v2\/posts"}],"about":[{"href":"https:\/\/larock.com.es\/site\/wp-json\/wp\/v2\/types\/post"}],"author":[{"embeddable":true,"href":"https:\/\/larock.com.es\/site\/wp-json\/wp\/v2\/users\/2"}],"replies":[{"embeddable":true,"href":"https:\/\/larock.com.es\/site\/wp-json\/wp\/v2\/comments?post=4145"}],"version-history":[{"count":4,"href":"https:\/\/larock.com.es\/site\/wp-json\/wp\/v2\/posts\/4145\/revisions"}],"predecessor-version":[{"id":4150,"href":"https:\/\/larock.com.es\/site\/wp-json\/wp\/v2\/posts\/4145\/revisions\/4150"}],"wp:featuredmedia":[{"embeddable":true,"href":"https:\/\/larock.com.es\/site\/wp-json\/wp\/v2\/media\/4099"}],"wp:attachment":[{"href":"https:\/\/larock.com.es\/site\/wp-json\/wp\/v2\/media?parent=4145"}],"wp:term":[{"taxonomy":"category","embeddable":true,"href":"https:\/\/larock.com.es\/site\/wp-json\/wp\/v2\/categories?post=4145"},{"taxonomy":"post_tag","embeddable":true,"href":"https:\/\/larock.com.es\/site\/wp-json\/wp\/v2\/tags?post=4145"}],"curies":[{"name":"wp","href":"https:\/\/api.w.org\/{rel}","templated":true}]}}