{"id":4098,"date":"2023-08-09T11:36:24","date_gmt":"2023-08-09T11:36:24","guid":{"rendered":"http:\/\/larock.com.es\/site\/?p=4098"},"modified":"2023-08-09T11:37:12","modified_gmt":"2023-08-09T11:37:12","slug":"mikecrack-y-la-superarma-secreta-show-en-vivo","status":"publish","type":"post","link":"https:\/\/larock.com.es\/site\/2023\/08\/09\/mikecrack-y-la-superarma-secreta-show-en-vivo\/","title":{"rendered":"Mikecrack y la Superarma Secreta \u00a1SHOW EN VIVO!"},"content":{"rendered":"\n<p>Con 40 millones de suscriptores y coronado en la cima de de los YouTubers m\u00e1s influyentes, Mikecrack<br>anuncia el salto a los escenarios con su serie animada, los protagonistas de su afamada serie en Youtube<br>cobrar\u00e1n una nueva vida e iniciar\u00e1n su mayor aventura. Las Perrer\u00edas de Mike recorrer\u00e1n m\u00e1s de 20<br>ciudades en Espa\u00f1a y dar\u00e1n el salto a Am\u00e9rica.<\/p>\n\n\n\n<p><br>Un show en vivo que cuenta con un seleccionado casting de actores que dar\u00e1n vida a Mike, Trolli, Akela y<br>muchos m\u00e1s personajes de la exitosa saga, y que contar\u00e1 con una novedosa puesta en escena creada en<br>exclusiva para este show con dos espectaculares pantallas curvas que crear\u00e1n efectos de realidad<br>aumentada.<\/p>\n\n\n\n<p><\/p>\n\n\n\n<p><strong><a href=\"https:\/\/www.mikecrack.com\/eventos\/\" data-type=\"URL\">Entradas a la venta<\/a><\/strong><\/p>\n\n\n\n<p><\/p>\n\n\n\n<figure class=\"wp-block-image size-large is-style-default\"><img loading=\"lazy\" decoding=\"async\" width=\"1000\" height=\"1000\" src=\"http:\/\/larock.com.es\/site\/wp-content\/uploads\/2023\/08\/MIKECRACK-Y-LA-SUPERARMA-SECRETA-GIRA-23-24-1.png\" alt=\"\" class=\"wp-image-4100\" srcset=\"https:\/\/larock.com.es\/site\/wp-content\/uploads\/2023\/08\/MIKECRACK-Y-LA-SUPERARMA-SECRETA-GIRA-23-24-1.png 1000w, https:\/\/larock.com.es\/site\/wp-content\/uploads\/2023\/08\/MIKECRACK-Y-LA-SUPERARMA-SECRETA-GIRA-23-24-1-300x300.png 300w, https:\/\/larock.com.es\/site\/wp-content\/uploads\/2023\/08\/MIKECRACK-Y-LA-SUPERARMA-SECRETA-GIRA-23-24-1-150x150.png 150w, https:\/\/larock.com.es\/site\/wp-content\/uploads\/2023\/08\/MIKECRACK-Y-LA-SUPERARMA-SECRETA-GIRA-23-24-1-768x768.png 768w\" sizes=\"auto, (max-width: 1000px) 100vw, 1000px\" \/><\/figure>\n\n\n\n<p><\/p>\n\n\n\n<p><\/p>\n","protected":false},"excerpt":{"rendered":"<p>Con 40 millones de suscriptores y coronado en la cima de de los YouTubers m\u00e1s influyentes, Mikecrackanuncia el salto a los escenarios con su serie animada, los protagonistas de su afamada serie en Youtubecobrar\u00e1n una nueva vida e iniciar\u00e1n su mayor aventura. Las Perrer\u00edas de Mike recorrer\u00e1n m\u00e1s de 20ciudades en Espa\u00f1a y dar\u00e1n el [&hellip;]<\/p>\n","protected":false},"author":2,"featured_media":4099,"comment_status":"closed","ping_status":"open","sticky":false,"template":"","format":"standard","meta":{"footnotes":""},"categories":[27],"tags":[233,210,208,231,230,232],"class_list":["post-4098","post","type-post","status-publish","format-standard","has-post-thumbnail","hentry","category-noticias","tag-entradas-a-la-venta","tag-espana","tag-gira","tag-mikecrack","tag-show-en-vivo","tag-superarmasecreta"],"_links":{"self":[{"href":"https:\/\/larock.com.es\/site\/wp-json\/wp\/v2\/posts\/4098","targetHints":{"allow":["GET"]}}],"collection":[{"href":"https:\/\/larock.com.es\/site\/wp-json\/wp\/v2\/posts"}],"about":[{"href":"https:\/\/larock.com.es\/site\/wp-json\/wp\/v2\/types\/post"}],"author":[{"embeddable":true,"href":"https:\/\/larock.com.es\/site\/wp-json\/wp\/v2\/users\/2"}],"replies":[{"embeddable":true,"href":"https:\/\/larock.com.es\/site\/wp-json\/wp\/v2\/comments?post=4098"}],"version-history":[{"count":5,"href":"https:\/\/larock.com.es\/site\/wp-json\/wp\/v2\/posts\/4098\/revisions"}],"predecessor-version":[{"id":4106,"href":"https:\/\/larock.com.es\/site\/wp-json\/wp\/v2\/posts\/4098\/revisions\/4106"}],"wp:featuredmedia":[{"embeddable":true,"href":"https:\/\/larock.com.es\/site\/wp-json\/wp\/v2\/media\/4099"}],"wp:attachment":[{"href":"https:\/\/larock.com.es\/site\/wp-json\/wp\/v2\/media?parent=4098"}],"wp:term":[{"taxonomy":"category","embeddable":true,"href":"https:\/\/larock.com.es\/site\/wp-json\/wp\/v2\/categories?post=4098"},{"taxonomy":"post_tag","embeddable":true,"href":"https:\/\/larock.com.es\/site\/wp-json\/wp\/v2\/tags?post=4098"}],"curies":[{"name":"wp","href":"https:\/\/api.w.org\/{rel}","templated":true}]}}