{"id":4077,"date":"2023-06-01T10:15:10","date_gmt":"2023-06-01T10:15:10","guid":{"rendered":"http:\/\/larock.com.es\/site\/?p=4077"},"modified":"2023-06-01T10:35:17","modified_gmt":"2023-06-01T10:35:17","slug":"el-barrio-cuelga-el-cartel-de-sold-out-en-madrid-y-anuncia-nueva-fecha-en-la-ciudad","status":"publish","type":"post","link":"https:\/\/larock.com.es\/site\/2023\/06\/01\/el-barrio-cuelga-el-cartel-de-sold-out-en-madrid-y-anuncia-nueva-fecha-en-la-ciudad\/","title":{"rendered":"El Barrio cuelga el cartel de sold out en Madrid y anuncia nueva fecha en la ciudad"},"content":{"rendered":"\n<p><strong>El artista ha anunciado que tambi\u00e9n estar\u00e1 en directo en el Wizink Center el pr\u00f3ximo 23 de diciembre<\/strong><\/p>\n\n\n\n<p>Tras el gran \u00e9xito de acogida y despu\u00e9s de colgar el cartel de <em>sold out<\/em> en el concierto que tendr\u00e1 lugar el pr\u00f3ximo 22 de diciembre en Madrid, <strong>El Barrio<\/strong> ha anunciado una nueva fecha en la ciudad.<\/p>\n\n\n\n<p>As\u00ed,<strong> El Barrio,<\/strong> uno de los artistas m\u00e1s relevantes del panorama musical, estar\u00e1 tambi\u00e9n el <strong>23 de diciembre<\/strong> en el <strong>Wizink Center<\/strong> para presentar en directo su nuevo \u00e1lbum de estudio <strong>ATEMPORAL<\/strong>, un disco que en palabras del propio artista \u00ab<em>este disco es un pasaje sobre lo que para m\u00ed ser\u00e1 ATEMPORAL, volver a mi pasado y traer retales de antiguos discos<\/em>\u00ab.<\/p>\n\n\n\n<p><strong>ATEMPORAL<\/strong> es un trabajo que refleja el car\u00e1cter indomable de <strong>El Barrio<\/strong>, cuya forma de sentir nunca perteneci\u00f3 a ning\u00fan estilo, ni se dej\u00f3 influenciar por las modas. Su inconfundible sello conserva el aire flamenco que se impuso en 1996 y trae los sonidos del rock andaluz que tanto aportaron a su tierra. El Barrio vuelve, y su m\u00fasica <strong>ATEMPORAL<\/strong> quedar\u00e1 para la eternidad. La nostalgia en su m\u00e1s pura esencia.<\/p>\n\n\n\n<p><strong><a href=\"https:\/\/www.elcorteingles.es\/entradas\/conciertos\/entradas-el-barrio-gira-atemporal-23-12-2023-madrid\/\">Entradas a la venta<\/a><\/strong><\/p>\n\n\n\n<p><\/p>\n\n\n\n<figure class=\"wp-block-image size-large is-style-default\"><img loading=\"lazy\" decoding=\"async\" width=\"1024\" height=\"1024\" src=\"http:\/\/larock.com.es\/site\/wp-content\/uploads\/2023\/06\/EL-BARRIO-ATEMPORAL-WIZINK-CENTER-MADRID-23-DICIEMBRE-2023-1-1024x1024.jpg\" alt=\"\" class=\"wp-image-4079\" srcset=\"https:\/\/larock.com.es\/site\/wp-content\/uploads\/2023\/06\/EL-BARRIO-ATEMPORAL-WIZINK-CENTER-MADRID-23-DICIEMBRE-2023-1-1024x1024.jpg 1024w, https:\/\/larock.com.es\/site\/wp-content\/uploads\/2023\/06\/EL-BARRIO-ATEMPORAL-WIZINK-CENTER-MADRID-23-DICIEMBRE-2023-1-300x300.jpg 300w, https:\/\/larock.com.es\/site\/wp-content\/uploads\/2023\/06\/EL-BARRIO-ATEMPORAL-WIZINK-CENTER-MADRID-23-DICIEMBRE-2023-1-150x150.jpg 150w, https:\/\/larock.com.es\/site\/wp-content\/uploads\/2023\/06\/EL-BARRIO-ATEMPORAL-WIZINK-CENTER-MADRID-23-DICIEMBRE-2023-1-768x768.jpg 768w, https:\/\/larock.com.es\/site\/wp-content\/uploads\/2023\/06\/EL-BARRIO-ATEMPORAL-WIZINK-CENTER-MADRID-23-DICIEMBRE-2023-1.jpg 1080w\" sizes=\"auto, (max-width: 1024px) 100vw, 1024px\" \/><\/figure>\n\n\n\n<p><\/p>\n\n\n\n<p><\/p>\n","protected":false},"excerpt":{"rendered":"<p>El artista ha anunciado que tambi\u00e9n estar\u00e1 en directo en el Wizink Center el pr\u00f3ximo 23 de diciembre Tras el gran \u00e9xito de acogida y despu\u00e9s de colgar el cartel de sold out en el concierto que tendr\u00e1 lugar el pr\u00f3ximo 22 de diciembre en Madrid, El Barrio ha anunciado una nueva fecha en la [&hellip;]<\/p>\n","protected":false},"author":2,"featured_media":4078,"comment_status":"closed","ping_status":"open","sticky":false,"template":"","format":"standard","meta":{"footnotes":""},"categories":[27],"tags":[228,226,79,32,227,229],"class_list":["post-4077","post","type-post","status-publish","format-standard","has-post-thumbnail","hentry","category-noticias","tag-23-diciembre","tag-atemporal","tag-el-barrio","tag-madrid","tag-nueva-fecha","tag-wiznk-center"],"_links":{"self":[{"href":"https:\/\/larock.com.es\/site\/wp-json\/wp\/v2\/posts\/4077","targetHints":{"allow":["GET"]}}],"collection":[{"href":"https:\/\/larock.com.es\/site\/wp-json\/wp\/v2\/posts"}],"about":[{"href":"https:\/\/larock.com.es\/site\/wp-json\/wp\/v2\/types\/post"}],"author":[{"embeddable":true,"href":"https:\/\/larock.com.es\/site\/wp-json\/wp\/v2\/users\/2"}],"replies":[{"embeddable":true,"href":"https:\/\/larock.com.es\/site\/wp-json\/wp\/v2\/comments?post=4077"}],"version-history":[{"count":4,"href":"https:\/\/larock.com.es\/site\/wp-json\/wp\/v2\/posts\/4077\/revisions"}],"predecessor-version":[{"id":4085,"href":"https:\/\/larock.com.es\/site\/wp-json\/wp\/v2\/posts\/4077\/revisions\/4085"}],"wp:featuredmedia":[{"embeddable":true,"href":"https:\/\/larock.com.es\/site\/wp-json\/wp\/v2\/media\/4078"}],"wp:attachment":[{"href":"https:\/\/larock.com.es\/site\/wp-json\/wp\/v2\/media?parent=4077"}],"wp:term":[{"taxonomy":"category","embeddable":true,"href":"https:\/\/larock.com.es\/site\/wp-json\/wp\/v2\/categories?post=4077"},{"taxonomy":"post_tag","embeddable":true,"href":"https:\/\/larock.com.es\/site\/wp-json\/wp\/v2\/tags?post=4077"}],"curies":[{"name":"wp","href":"https:\/\/api.w.org\/{rel}","templated":true}]}}