{"id":3964,"date":"2023-04-27T11:14:02","date_gmt":"2023-04-27T11:14:02","guid":{"rendered":"http:\/\/larock.com.es\/site\/?p=3964"},"modified":"2023-05-10T09:14:40","modified_gmt":"2023-05-10T09:14:40","slug":"llega-por-primera-vez-a-madrid-el-mayor-festival-de-kpop-del-mundo-que-ha-revolucionado-a-mas-de-200-millones-de-personas","status":"publish","type":"post","link":"https:\/\/larock.com.es\/site\/2023\/04\/27\/llega-por-primera-vez-a-madrid-el-mayor-festival-de-kpop-del-mundo-que-ha-revolucionado-a-mas-de-200-millones-de-personas\/","title":{"rendered":"Llega por primera vez a Madrid el mayor festival de KPOP del mundo que ha revolucionado a m\u00e1s de 200 millones de personas"},"content":{"rendered":"\n<p><strong>ENHYPHEN, ATEEZ E IVE son las tres primeras bandas confirmadas que aglomerar\u00e1n a m\u00e1s de 40.000 personas en el C\u00edvitas Metropolitano<\/strong><\/p>\n\n\n\n<p>El pr\u00f3ximo <strong>22 de julio de 2023 tendr\u00e1 lugar KPOP LUX, el mayor festival de K-Pop del mundo, en el C\u00edvitas Metropolitano<\/strong> donde participar\u00e1n algunas de <strong>las mejores bandas<\/strong>, entre las que ya se han <strong>confirmado ENHYPEN, ATEEZ e IVE.<\/strong> M\u00e1s de tres horas de m\u00fasica y espect\u00e1culo en directo con estas s\u00faper estrellas internacionales que han revolucionado el mercado musical en los \u00faltimos a\u00f1os.<\/p>\n\n\n\n<p>Un m\u00ednimo de <strong>6 bandas y m\u00e1s de 40 artistas sobre el escenario<\/strong>. As\u00ed ser\u00e1 esta noche electrizante de m\u00fasica y entretenimiento en el <strong>C\u00edvitas Metropolitano con KPOP LUX y el equipo de L.A. Rock Entertainment\u2019, que de la mano de SBS nos presentan el macroconcierto KPOP LUX SBS Super Concert en Madrid<\/strong>. No es una simple oportunidad para ver a estos artistas sobre el escenario, sino que ser\u00e1 una noche \u00fanica en la que se podr\u00e1 ver en acci\u00f3n un cartel incre\u00edble y que, como novedad, nos deleitar\u00e1n con actuaciones mixtas entre ellos.<\/p>\n\n\n\n<p>Las primeras 3 bandas ya confirmadas son<strong>: ENHYPEN, ATEEZ e IVE<\/strong>. Las cuatro restantes ser\u00e1n reveladas en el pr\u00f3ximo mes.<\/p>\n\n\n\n<p><strong>ENHYPEN<\/strong> entraron en las listas Top10 mundiales en 2022 y este a\u00f1o lo han vuelto a hacer. Compuesta por 7 miembros, han ganado m\u00e1s de 30 premios desde la fecha de su debut en 2020. Con m\u00e1s de 12 millones de seguidores en Instagram, los fans de la banda autodenominados Engines, correr\u00e1n a Madrid para ver a su banda favorita.<\/p>\n\n\n\n<p><strong>ATEEZ <\/strong>son bien conocido por los fans espa\u00f1oles, visitaron Madrid a principios de este a\u00f1o en y tambi\u00e9n en 2020. Sus fans espa\u00f1oles son muy numerosos, convirti\u00e9ndose en una actuaci\u00f3n imperdible.<\/p>\n\n\n\n<p>Las componentes de <strong>IVE<\/strong>, debutaron en 2021 y llegaron como una tormenta cargada de ritmos y coreograf\u00edas. Ganaron el premio a mejor canci\u00f3n del a\u00f1o con su hit Love Dive en 2022. Esta ser\u00e1 su primera actuaci\u00f3n en Espa\u00f1a.<\/p>\n\n\n\n<p>No hay mejor lugar para este evento que el C\u00edvitas Metropolitano, con una capacidad de m\u00e1s de 68.000 espectadores  para reunir a todos los fans del K-Pop y ofrecerles una noche inolvidable.<\/p>\n\n\n\n<p><strong><a href=\"https:\/\/www.ticketmaster.es\/artist\/kpop-lux-sbs-super-concert-entradas\/1199103?int_cmp_name=KPOP-LUX-SBS-SUPER-CONCERT&amp;int_cmp_id=ES-Home-501&amp;int_cmp_creative=Home-main-5&amp;tm_link=tm_ccp_Home_main_KPOP-LUX-SBS-SUPER-CONCERT\">Entradas a la venta<\/a><\/strong><\/p>\n\n\n\n<p><\/p>\n\n\n\n<figure class=\"wp-block-image size-large is-style-default\"><img loading=\"lazy\" decoding=\"async\" width=\"1024\" height=\"1024\" src=\"http:\/\/larock.com.es\/site\/wp-content\/uploads\/2023\/05\/KPOP-LUX-MADRID-22-JULIO-2023-1-1024x1024.jpg\" alt=\"\" class=\"wp-image-4004\" srcset=\"https:\/\/larock.com.es\/site\/wp-content\/uploads\/2023\/05\/KPOP-LUX-MADRID-22-JULIO-2023-1-1024x1024.jpg 1024w, https:\/\/larock.com.es\/site\/wp-content\/uploads\/2023\/05\/KPOP-LUX-MADRID-22-JULIO-2023-1-300x300.jpg 300w, https:\/\/larock.com.es\/site\/wp-content\/uploads\/2023\/05\/KPOP-LUX-MADRID-22-JULIO-2023-1-150x150.jpg 150w, https:\/\/larock.com.es\/site\/wp-content\/uploads\/2023\/05\/KPOP-LUX-MADRID-22-JULIO-2023-1-768x768.jpg 768w, https:\/\/larock.com.es\/site\/wp-content\/uploads\/2023\/05\/KPOP-LUX-MADRID-22-JULIO-2023-1.jpg 1080w\" sizes=\"auto, (max-width: 1024px) 100vw, 1024px\" \/><\/figure>\n\n\n\n<p><\/p>\n\n\n\n<p><\/p>\n","protected":false},"excerpt":{"rendered":"<p>ENHYPHEN, ATEEZ E IVE son las tres primeras bandas confirmadas que aglomerar\u00e1n a m\u00e1s de 40.000 personas en el C\u00edvitas Metropolitano El pr\u00f3ximo 22 de julio de 2023 tendr\u00e1 lugar KPOP LUX, el mayor festival de K-Pop del mundo, en el C\u00edvitas Metropolitano donde participar\u00e1n algunas de las mejores bandas, entre las que ya se [&hellip;]<\/p>\n","protected":false},"author":2,"featured_media":3989,"comment_status":"closed","ping_status":"open","sticky":false,"template":"","format":"standard","meta":{"footnotes":""},"categories":[27],"tags":[218,220,219,217,215,216,32],"class_list":["post-3964","post","type-post","status-publish","format-standard","has-post-thumbnail","hentry","category-noticias","tag-ateez","tag-civitasmetropolitano","tag-enhypen","tag-ive","tag-kpop","tag-kpoplux","tag-madrid"],"_links":{"self":[{"href":"https:\/\/larock.com.es\/site\/wp-json\/wp\/v2\/posts\/3964","targetHints":{"allow":["GET"]}}],"collection":[{"href":"https:\/\/larock.com.es\/site\/wp-json\/wp\/v2\/posts"}],"about":[{"href":"https:\/\/larock.com.es\/site\/wp-json\/wp\/v2\/types\/post"}],"author":[{"embeddable":true,"href":"https:\/\/larock.com.es\/site\/wp-json\/wp\/v2\/users\/2"}],"replies":[{"embeddable":true,"href":"https:\/\/larock.com.es\/site\/wp-json\/wp\/v2\/comments?post=3964"}],"version-history":[{"count":5,"href":"https:\/\/larock.com.es\/site\/wp-json\/wp\/v2\/posts\/3964\/revisions"}],"predecessor-version":[{"id":4052,"href":"https:\/\/larock.com.es\/site\/wp-json\/wp\/v2\/posts\/3964\/revisions\/4052"}],"wp:featuredmedia":[{"embeddable":true,"href":"https:\/\/larock.com.es\/site\/wp-json\/wp\/v2\/media\/3989"}],"wp:attachment":[{"href":"https:\/\/larock.com.es\/site\/wp-json\/wp\/v2\/media?parent=3964"}],"wp:term":[{"taxonomy":"category","embeddable":true,"href":"https:\/\/larock.com.es\/site\/wp-json\/wp\/v2\/categories?post=3964"},{"taxonomy":"post_tag","embeddable":true,"href":"https:\/\/larock.com.es\/site\/wp-json\/wp\/v2\/tags?post=3964"}],"curies":[{"name":"wp","href":"https:\/\/api.w.org\/{rel}","templated":true}]}}