{"id":3934,"date":"2023-04-18T12:04:38","date_gmt":"2023-04-18T12:04:38","guid":{"rendered":"http:\/\/larock.com.es\/site\/?p=3934"},"modified":"2023-05-10T09:16:03","modified_gmt":"2023-05-10T09:16:03","slug":"sohail-jazz-world-music-festival-se-entrega-a-la-magia-del-jazz-en-su-iii-edicion","status":"publish","type":"post","link":"https:\/\/larock.com.es\/site\/2023\/04\/18\/sohail-jazz-world-music-festival-se-entrega-a-la-magia-del-jazz-en-su-iii-edicion\/","title":{"rendered":"SOHAIL JAZZ &#038; WORLD MUSIC FESTIVAL SE ENTREGA A LA MAGIA DEL JAZZ EN SU III EDICI\u00d3N"},"content":{"rendered":"\n<p>Despu\u00e9s de tres a\u00f1os, el festival de Jazz y M\u00fasicas del Mundo se consolida como referente nacional en este g\u00e9nero en el municipio Fuengirole\u00f1o de M\u00e1laga.<\/p>\n\n\n\n<p>Marenostrum Fuengirola se convertir\u00e1 en un club de jazz bajo las estrellas los d\u00edas <strong>2 y 3 de junio<\/strong> de 2023 en el escenario fundaci\u00f3n Unicaja. Este acoger\u00e1 a grandes artistas como el pianista Mois\u00e9s P. S\u00e1nchez, la cantante y compositora Miryam Latrece, la violinista Maureen Choi y Luc\u00eda &amp; Horacio Fumero.<\/p>\n\n\n\n<p>El Festival, en el Castillo Sohail, comenzar\u00e1 con la voz delicada y elegante de la cantante y compositora <strong>Miryam Latrece. <\/strong>Estrenar\u00e1 su proyecto m\u00e1s \u00edntimo y personal, lleno de tradici\u00f3n, m\u00fasica popular y folclore, acompa\u00f1ada por Luis Regidor (guitarra y voz) y Lisandro Mansilla (guitarra, voz y saxof\u00f3n). La joven artista cuenta ya con un largo recorrido en la escena del jazz nacional, editando dos discos bajo su nombre y acompa\u00f1ando a otros artistas como Caramelo de Cuba, The Cuban Jazz Syndicate o Jorge Drexler.<\/p>\n\n\n\n<p>El cartel de esta edici\u00f3n lo encabeza <strong>Mois\u00e9s P. S\u00e1nchez<\/strong>, uno de los pianistas m\u00e1s brillantes e influyentes de la escena del jazz actual. Tocar\u00e1 acompa\u00f1ado de sus compa\u00f1eros javier Vercher (saxo tenor), To\u00f1o Miguel (contrabajo) y Borja Barrueta (bater\u00eda).<\/p>\n\n\n\n<p>El pianista madrile\u00f1o, agita los impulsos y est\u00edmulos del \u00e1lbum <em>Dedication <\/em>grabado en Nueva York y publicado por Universal en 2010, pero, esta vez, volcar\u00e1 lo aprendido y desaprendido en todos estos a\u00f1os dando as\u00ed a la segunda parte de <em>Dedication II<\/em> que surge a partir de una sensibilidad y un conocimiento en armoniosa evoluci\u00f3n y, aunque pueda conectar conceptualmente con la primera entrega, ahora el alma y la piel de la m\u00fasica de Mois\u00e9s es distinta, m\u00e1s madura, m\u00e1s rica y plena.<\/p>\n\n\n\n<p>La virtuos\u00edsima violinista norteamericana <strong>Maureen Choi<\/strong>, nos presentar\u00e1 su nuevo trabajo <em>Theia<\/em> el s\u00e1bado 3 de junio junto a su banda compuesta por Daniel Garc\u00eda Diego (piano), Mario Carrillo (contrabajo) y Michael Olivera (bater\u00eda). Este nuevo trabajo, se adentra a\u00fan m\u00e1s en la m\u00fasica espa\u00f1ola, entre el flamenco, el cl\u00e1sico espa\u00f1ol y el folklore, para volver a crear una m\u00fasica muy personal, cargada de emotividad y originalidad.<\/p>\n\n\n\n<p>Los artistas <strong>Luc\u00eda &amp; Horacio Fumero<\/strong> (voz y piano y, contrabajo) dos m\u00fasicos unidos por un mismo apellido que es historia viva del jazz nacional presentan el proyecto <em>Los Fumeros en concierto<\/em>. Padre e hija comparten su gran sensibilidad, talento y amor por la m\u00fasica. En este proyecto, evidencian esa complicidad en formato d\u00fao, donde podremos escuchar composiciones propias como Camino o Torcacita as\u00ed como arreglos de canciones del repertorio de la m\u00fasica popular de Latinoam\u00e9rica.<\/p>\n\n\n\n<p>El firmamento iluminar\u00e1 dos noches inolvidables en el Castillo Sohail. Escenario monumental hist\u00f3rico ubicado en un entorno natural privilegiado sobre el mar, la historia y la naturaleza para albergar un a\u00f1o m\u00e1s la magia del jazz y del folclore internacional.<\/p>\n\n\n\n<p><a href=\"https:\/\/marenostrumfuengirola.com\/eventos\/sohail-jazz\/\" data-type=\"URL\" data-id=\"https:\/\/marenostrumfuengirola.com\/eventos\/sohail-jazz\/\"><strong>Entradas a la venta<\/strong><\/a><\/p>\n\n\n\n<p><\/p>\n\n\n\n<figure class=\"wp-block-gallery columns-1 is-cropped wp-block-gallery-1 is-layout-flex wp-block-gallery-is-layout-flex\"><ul class=\"blocks-gallery-grid\"><li class=\"blocks-gallery-item\"><figure><img loading=\"lazy\" decoding=\"async\" width=\"819\" height=\"1024\" src=\"http:\/\/larock.com.es\/site\/wp-content\/uploads\/2023\/05\/SOHAIL-JAZZ-MARENOSTRUM-FUENGIROLA-02-03-JUNIO-23-1-819x1024.jpg\" alt=\"\" data-id=\"4007\" data-full-url=\"http:\/\/larock.com.es\/site\/wp-content\/uploads\/2023\/05\/SOHAIL-JAZZ-MARENOSTRUM-FUENGIROLA-02-03-JUNIO-23-1.jpg\" data-link=\"http:\/\/larock.com.es\/site\/2023\/04\/18\/sohail-jazz-world-music-festival-se-entrega-a-la-magia-del-jazz-en-su-iii-edicion\/sohail-jazz-marenostrum-fuengirola-02-03-junio-23-1\/\" class=\"wp-image-4007\" srcset=\"https:\/\/larock.com.es\/site\/wp-content\/uploads\/2023\/05\/SOHAIL-JAZZ-MARENOSTRUM-FUENGIROLA-02-03-JUNIO-23-1-819x1024.jpg 819w, https:\/\/larock.com.es\/site\/wp-content\/uploads\/2023\/05\/SOHAIL-JAZZ-MARENOSTRUM-FUENGIROLA-02-03-JUNIO-23-1-240x300.jpg 240w, https:\/\/larock.com.es\/site\/wp-content\/uploads\/2023\/05\/SOHAIL-JAZZ-MARENOSTRUM-FUENGIROLA-02-03-JUNIO-23-1-768x960.jpg 768w, https:\/\/larock.com.es\/site\/wp-content\/uploads\/2023\/05\/SOHAIL-JAZZ-MARENOSTRUM-FUENGIROLA-02-03-JUNIO-23-1.jpg 1080w\" sizes=\"auto, (max-width: 819px) 100vw, 819px\" \/><\/figure><\/li><\/ul><\/figure>\n\n\n\n<p><\/p>\n\n\n\n<p><\/p>\n","protected":false},"excerpt":{"rendered":"<p>Despu\u00e9s de tres a\u00f1os, el festival de Jazz y M\u00fasicas del Mundo se consolida como referente nacional en este g\u00e9nero en el municipio Fuengirole\u00f1o de M\u00e1laga. Marenostrum Fuengirola se convertir\u00e1 en un club de jazz bajo las estrellas los d\u00edas 2 y 3 de junio de 2023 en el escenario fundaci\u00f3n Unicaja. Este acoger\u00e1 a [&hellip;]<\/p>\n","protected":false},"author":2,"featured_media":3986,"comment_status":"closed","ping_status":"open","sticky":false,"template":"","format":"standard","meta":{"footnotes":""},"categories":[27],"tags":[172,164,214,173,213,212,211],"class_list":["post-3934","post","type-post","status-publish","format-standard","has-post-thumbnail","hentry","category-noticias","tag-fuengirola","tag-jazz","tag-lucia-horacio-fumero","tag-malaga","tag-maureen-choi","tag-miryam-latrece","tag-moises-p-sanchez"],"_links":{"self":[{"href":"https:\/\/larock.com.es\/site\/wp-json\/wp\/v2\/posts\/3934","targetHints":{"allow":["GET"]}}],"collection":[{"href":"https:\/\/larock.com.es\/site\/wp-json\/wp\/v2\/posts"}],"about":[{"href":"https:\/\/larock.com.es\/site\/wp-json\/wp\/v2\/types\/post"}],"author":[{"embeddable":true,"href":"https:\/\/larock.com.es\/site\/wp-json\/wp\/v2\/users\/2"}],"replies":[{"embeddable":true,"href":"https:\/\/larock.com.es\/site\/wp-json\/wp\/v2\/comments?post=3934"}],"version-history":[{"count":5,"href":"https:\/\/larock.com.es\/site\/wp-json\/wp\/v2\/posts\/3934\/revisions"}],"predecessor-version":[{"id":4009,"href":"https:\/\/larock.com.es\/site\/wp-json\/wp\/v2\/posts\/3934\/revisions\/4009"}],"wp:featuredmedia":[{"embeddable":true,"href":"https:\/\/larock.com.es\/site\/wp-json\/wp\/v2\/media\/3986"}],"wp:attachment":[{"href":"https:\/\/larock.com.es\/site\/wp-json\/wp\/v2\/media?parent=3934"}],"wp:term":[{"taxonomy":"category","embeddable":true,"href":"https:\/\/larock.com.es\/site\/wp-json\/wp\/v2\/categories?post=3934"},{"taxonomy":"post_tag","embeddable":true,"href":"https:\/\/larock.com.es\/site\/wp-json\/wp\/v2\/tags?post=3934"}],"curies":[{"name":"wp","href":"https:\/\/api.w.org\/{rel}","templated":true}]}}