{"id":3876,"date":"2023-02-24T17:10:30","date_gmt":"2023-02-24T17:10:30","guid":{"rendered":"http:\/\/larock.com.es\/site\/?p=3876"},"modified":"2023-02-24T17:22:23","modified_gmt":"2023-02-24T17:22:23","slug":"vicente-amigo-sonara-en-el-teatro-real-de-madrid","status":"publish","type":"post","link":"https:\/\/larock.com.es\/site\/2023\/02\/24\/vicente-amigo-sonara-en-el-teatro-real-de-madrid\/","title":{"rendered":"Vicente Amigo sonar\u00e1 en el Teatro Real de Madrid"},"content":{"rendered":"\n<p><span class=\"has-inline-color has-vivid-cyan-blue-color\">Hay que dejar atr\u00e1s unos a\u00f1os donde la m\u00fasica en directo ha sido muy complicada.<\/span><\/p>\n\n\n\n<p>Este a\u00f1o toca tocar, buscando transmitir desde el escenario como pocos logran hacerlo. Acompa\u00f1ado de sus m\u00fasicos interpretar\u00e1 y nos har\u00e1 disfrutar de la m\u00fasica y personales composiciones que han hecho de Vicente Amigo una referencia de la guitarra flamenca en la actualidad.<\/p>\n\n\n\n<p>Vicente Amigo (1967) guitarrista flamenco nacido en Guadalcanal (Sevilla, Espa\u00f1a). Empez\u00f3 en el flamenco trabajando con artistas como El Tomate, Manolo Sanl\u00facar o Merengue de C\u00f3rdoba. Asimismo, colabor\u00f3 en el disco de Camar\u00f3n de la Isla \u201cSoy Gitano\u201d y, compuso e interpret\u00f3 a la guitarra el disco de Jos\u00e9 Merc\u00e9 \u201cDel Amanecer\u201d.<\/p>\n\n\n\n<p>No es de extra\u00f1ar que el \u00e9xito de Vicente haya sido tan rotundo gracias a su capacidad de composici\u00f3n excepcional siempre inspirado en la poes\u00eda andaluza, que hacen de este un artista complet\u00edsimo. Adem\u00e1s, de colaboraciones dentro y fuera del flamenco.<\/p>\n\n\n\n<p>El guitarrista flamenco espa\u00f1ol cuenta con una dilatada y exitosa carrera art\u00edstica, donde ha recorrido los principales teatros internaciones como el Carnegie Hall de Nueva York, el Teatro Real de Madrid y el Liceo de Barcelona y ha tocado en ciudades como Londres, Roma, Berl\u00edn, Par\u00eds, Tokio o Pek\u00edn.<\/p>\n\n\n\n<p>Adem\u00e1s, a lo largo de su carrera, Vicente ha recibido un sinf\u00edn de premios, m\u00e1s all\u00e1 de los dos Grammy, cuenta con la Medalla de Oro de las Bellas Artes, el premio del Festival de las Minas, el Ondas o varios Premios de la M\u00fasica de la SGAE.<\/p>\n\n\n\n<p><span class=\"has-inline-color has-vivid-cyan-blue-color\"><a href=\"https:\/\/tickets.teatroreal.es\/selection\/event\/date?productId=10228659964026\" target=\"_blank\" rel=\"noreferrer noopener\">ENTRADAS YA A LA VENTA<\/a> <\/span><\/p>\n\n\n\n<figure class=\"wp-block-gallery columns-1 is-cropped wp-block-gallery-1 is-layout-flex wp-block-gallery-is-layout-flex\"><ul class=\"blocks-gallery-grid\"><li class=\"blocks-gallery-item\"><figure><img loading=\"lazy\" decoding=\"async\" width=\"1024\" height=\"1024\" src=\"http:\/\/larock.com.es\/site\/wp-content\/uploads\/2023\/02\/1502_VA_TeatroReal_adaptacionesfeed-1080x1080-2-1024x1024.png\" alt=\"\" data-id=\"3877\" data-full-url=\"http:\/\/larock.com.es\/site\/wp-content\/uploads\/2023\/02\/1502_VA_TeatroReal_adaptacionesfeed-1080x1080-2.png\" data-link=\"http:\/\/larock.com.es\/site\/?attachment_id=3877\" class=\"wp-image-3877\" srcset=\"https:\/\/larock.com.es\/site\/wp-content\/uploads\/2023\/02\/1502_VA_TeatroReal_adaptacionesfeed-1080x1080-2-1024x1024.png 1024w, https:\/\/larock.com.es\/site\/wp-content\/uploads\/2023\/02\/1502_VA_TeatroReal_adaptacionesfeed-1080x1080-2-300x300.png 300w, https:\/\/larock.com.es\/site\/wp-content\/uploads\/2023\/02\/1502_VA_TeatroReal_adaptacionesfeed-1080x1080-2-150x150.png 150w, https:\/\/larock.com.es\/site\/wp-content\/uploads\/2023\/02\/1502_VA_TeatroReal_adaptacionesfeed-1080x1080-2-768x768.png 768w, https:\/\/larock.com.es\/site\/wp-content\/uploads\/2023\/02\/1502_VA_TeatroReal_adaptacionesfeed-1080x1080-2.png 1080w\" sizes=\"auto, (max-width: 1024px) 100vw, 1024px\" \/><\/figure><\/li><\/ul><\/figure>\n\n\n\n<p><\/p>\n\n\n\n<p><\/p>\n","protected":false},"excerpt":{"rendered":"<p>Hay que dejar atr\u00e1s unos a\u00f1os donde la m\u00fasica en directo ha sido muy complicada. Este a\u00f1o toca tocar, buscando transmitir desde el escenario como pocos logran hacerlo. Acompa\u00f1ado de sus m\u00fasicos interpretar\u00e1 y nos har\u00e1 disfrutar de la m\u00fasica y personales composiciones que han hecho de Vicente Amigo una referencia de la guitarra flamenca [&hellip;]<\/p>\n","protected":false},"author":2,"featured_media":3877,"comment_status":"closed","ping_status":"open","sticky":false,"template":"","format":"standard","meta":{"footnotes":""},"categories":[24,27],"tags":[194,193,45,192],"class_list":["post-3876","post","type-post","status-publish","format-standard","has-post-thumbnail","hentry","category-conciertos1","category-noticias","tag-flamenco","tag-guitarra","tag-teatro-real","tag-vicente-amigo"],"_links":{"self":[{"href":"https:\/\/larock.com.es\/site\/wp-json\/wp\/v2\/posts\/3876","targetHints":{"allow":["GET"]}}],"collection":[{"href":"https:\/\/larock.com.es\/site\/wp-json\/wp\/v2\/posts"}],"about":[{"href":"https:\/\/larock.com.es\/site\/wp-json\/wp\/v2\/types\/post"}],"author":[{"embeddable":true,"href":"https:\/\/larock.com.es\/site\/wp-json\/wp\/v2\/users\/2"}],"replies":[{"embeddable":true,"href":"https:\/\/larock.com.es\/site\/wp-json\/wp\/v2\/comments?post=3876"}],"version-history":[{"count":4,"href":"https:\/\/larock.com.es\/site\/wp-json\/wp\/v2\/posts\/3876\/revisions"}],"predecessor-version":[{"id":3883,"href":"https:\/\/larock.com.es\/site\/wp-json\/wp\/v2\/posts\/3876\/revisions\/3883"}],"wp:featuredmedia":[{"embeddable":true,"href":"https:\/\/larock.com.es\/site\/wp-json\/wp\/v2\/media\/3877"}],"wp:attachment":[{"href":"https:\/\/larock.com.es\/site\/wp-json\/wp\/v2\/media?parent=3876"}],"wp:term":[{"taxonomy":"category","embeddable":true,"href":"https:\/\/larock.com.es\/site\/wp-json\/wp\/v2\/categories?post=3876"},{"taxonomy":"post_tag","embeddable":true,"href":"https:\/\/larock.com.es\/site\/wp-json\/wp\/v2\/tags?post=3876"}],"curies":[{"name":"wp","href":"https:\/\/api.w.org\/{rel}","templated":true}]}}