{"id":3807,"date":"2023-02-01T14:31:02","date_gmt":"2023-02-01T14:31:02","guid":{"rendered":"http:\/\/larock.com.es\/site\/?p=3807"},"modified":"2023-05-10T09:21:00","modified_gmt":"2023-05-10T09:21:00","slug":"luna-sur-night-confirma-su-cartel-completo-con-vetusta-morla-miss-caffeina-los-estanques-anni-b-sweet-y-mike-joyce-the-smiths-dj-set","status":"publish","type":"post","link":"https:\/\/larock.com.es\/site\/2023\/02\/01\/luna-sur-night-confirma-su-cartel-completo-con-vetusta-morla-miss-caffeina-los-estanques-anni-b-sweet-y-mike-joyce-the-smiths-dj-set\/","title":{"rendered":"Luna Sur Night confirma su cartel completo con Vetusta Morla, Miss Caffeina, Los Estanques &#038; Anni B Sweet y Mike Joyce (The Smiths Dj Set)"},"content":{"rendered":"\n<p><span class=\"has-inline-color has-vivid-cyan-blue-color\">El festival de indie m\u00e1s \u201cchic\u201d de Espa\u00f1a, Luna Sur, regresa en su cuarta edici\u00f3n con las confirmaciones de Vetusta Morla, Miss Caffeina, Los Estanques con Anni B Sweet y el Dj set del m\u00edtico bater\u00eda de The Smiths Mike Joyce<\/span><\/p>\n\n\n\n<p>Luna Sur Festival naci\u00f3 en el a\u00f1o 2020 con el objetivo de atraer a Fuengirola los mejores artistas indie del panorama nacional. En las anteriores ediciones han pasado los grupos m\u00e1s importantes nacionales como Izal, Viva Suecia, Miss Cafe\u00edna, Love of Lesbian, Arde Bogot\u00e1, entre otros y, en su b\u00fasqueda hacia el crecimiento y el entretenimiento de los asistentes, el festival sigue apostando por artistas y proyectos de calidad para la noche del 5 de Agosto en el escenario Unicaja Banco.<\/p>\n\n\n\n<p>Luna Sur, que contar\u00e1 con Vetusta Morla como cabeza de cartel, confirma las actuaciones de bandas tan reconocidas como Miss Caffeina y nuevos proyectos rebosantes de calidad como el de Los Estanques junto a la fuengirole\u00f1a Anni B Sweet que est\u00e1 copando recintos y una buen\u00edsima cr\u00edtica en medios especializados. Una cita ineludible para todos los amantes de g\u00e9nero indie rock y de la m\u00fasica en general que comenzar\u00e1 amenizada por el bater\u00eda de The Smiths, Mike Joyce, en un formato DJ Set que est\u00e1 dando la vuelta al mundo.<\/p>\n\n\n\n<p>Miss Caffeina presentaba su quinto \u00e1lbum de estudio \u201cEl A\u00f1o del Tigre\u201d para mostrar al mundo las garras musicales que les han posicionado como uno de los grupos indie m\u00e1s importantes del pa\u00eds. El grupo vuelve con su nueva gira \u201cShangai Baby\u201d, en la que sus camale\u00f3nicos recursos se adaptan a la iconograf\u00eda asi\u00e1tica para ofrecer un disco que a\u00fana la b\u00fasqueda permanente de nuevos registros \u201cmade in Missca\u201d en cada directo de su legi\u00f3n de fans.<\/p>\n\n\n\n<p>Sonar\u00e1n en el escenario Unicaja Banco las conocidas canciones \u201cPor S\u00ed\u201d, \u201cMe Voy\u201d o \u201cPunto Muerto\u201d con el objetivo de que el p\u00fablico no pare de bailar y disfrutar en lo que prometen ser uno de los mejores espect\u00e1culos del ciclo musical de 2023.<\/p>\n\n\n\n<p>El estilo suave y melanc\u00f3lico de la cantautora Anni B Sweet se unir\u00e1 al pop psicod\u00e9lico de Los Estanques en su nuevo t\u00e1ndem, en Luna Sur Festival, para regalar al p\u00fablico una noche donde presentar\u00e1n el \u00e1lbum en conjunto \u201cBurbuja C\u00f3moda y Elefante Inesperado\u201d.<\/p>\n\n\n\n<p>La cantautora malague\u00f1a, afincada en Madrid, es una de las artistas m\u00e1s destacadas de la m\u00fasica independiente espa\u00f1ola y referente de nuestra escena folk. Comenzaba su carrera a los 9 a\u00f1os para llegar a lo m\u00e1s alto del panorama musical espa\u00f1ol e internacional, recibiendo galardones con su disco \u201cUniverso Por Estrenar\u201d (2019) para los premios MIN a \u201cMejor Canci\u00f3n\u201d y \u201cMejor Producci\u00f3n\u201d y una nominaci\u00f3n al MTV EMA.<\/p>\n\n\n\n<p>\u201cLos Estanques\u201d, banda formada por I\u00f1igo Bregel (voz, teclado y guitarra), Germ\u00e1n Herrero (guitarra), Daniel Pozo (bajo) y Andrea Conti (bater\u00eda). El \u00e9xito de esta banda ha sido reconocido por la prensa musical, la nominaci\u00f3n a los Premios Ruido en 2020 y la realizaci\u00f3n de m\u00e1s de 50 conciertos por todo el pa\u00eds.<\/p>\n\n\n\n<p>Una combinaci\u00f3n digna de disfrutar en directo que, junto con el resto de bandas confirmadas, continuar\u00e1n posicionando a Luna Sur Festival como lo que es, uno de los festivales indie m\u00e1s importantes del pa\u00eds. El 5 de agosto en el recinto de Marenostrum Fuengirola sonar\u00e1 la mejor m\u00fasica indie por parte de un elenco de artistas de nivel internacional.<\/p>\n\n\n\n<p><span class=\"has-inline-color has-vivid-cyan-blue-color\"><a rel=\"noreferrer noopener\" href=\"https:\/\/marenostrum.janto.es\/espectaculo\/el-kanka\/ELKANKAMARE2023\" target=\"_blank\">ENTRADAS YA A LA VENTA<\/a> <\/span><\/p>\n\n\n\n<figure class=\"wp-block-gallery columns-1 is-cropped wp-block-gallery-1 is-layout-flex wp-block-gallery-is-layout-flex\"><ul class=\"blocks-gallery-grid\"><li class=\"blocks-gallery-item\"><figure><img loading=\"lazy\" decoding=\"async\" width=\"819\" height=\"1024\" src=\"http:\/\/larock.com.es\/site\/wp-content\/uploads\/2023\/05\/LUNA-SUR-MARENOSTRUM-FUENGIROLA-05-AGOSTO-23-1-819x1024.jpg\" alt=\"\" data-id=\"4019\" data-full-url=\"http:\/\/larock.com.es\/site\/wp-content\/uploads\/2023\/05\/LUNA-SUR-MARENOSTRUM-FUENGIROLA-05-AGOSTO-23-1.jpg\" data-link=\"http:\/\/larock.com.es\/site\/2023\/02\/01\/luna-sur-night-confirma-su-cartel-completo-con-vetusta-morla-miss-caffeina-los-estanques-anni-b-sweet-y-mike-joyce-the-smiths-dj-set\/luna-sur-marenostrum-fuengirola-05-agosto-23-1\/\" class=\"wp-image-4019\" srcset=\"https:\/\/larock.com.es\/site\/wp-content\/uploads\/2023\/05\/LUNA-SUR-MARENOSTRUM-FUENGIROLA-05-AGOSTO-23-1-819x1024.jpg 819w, https:\/\/larock.com.es\/site\/wp-content\/uploads\/2023\/05\/LUNA-SUR-MARENOSTRUM-FUENGIROLA-05-AGOSTO-23-1-240x300.jpg 240w, https:\/\/larock.com.es\/site\/wp-content\/uploads\/2023\/05\/LUNA-SUR-MARENOSTRUM-FUENGIROLA-05-AGOSTO-23-1-768x960.jpg 768w, https:\/\/larock.com.es\/site\/wp-content\/uploads\/2023\/05\/LUNA-SUR-MARENOSTRUM-FUENGIROLA-05-AGOSTO-23-1.jpg 1080w\" sizes=\"auto, (max-width: 819px) 100vw, 819px\" \/><\/figure><\/li><\/ul><\/figure>\n\n\n\n<p><\/p>\n\n\n\n<p><\/p>\n","protected":false},"excerpt":{"rendered":"<p>El festival de indie m\u00e1s \u201cchic\u201d de Espa\u00f1a, Luna Sur, regresa en su cuarta edici\u00f3n con las confirmaciones de Vetusta Morla, Miss Caffeina, Los Estanques con Anni B Sweet y el Dj set del m\u00edtico bater\u00eda de The Smiths Mike Joyce Luna Sur Festival naci\u00f3 en el a\u00f1o 2020 con el objetivo de atraer a [&hellip;]<\/p>\n","protected":false},"author":2,"featured_media":4000,"comment_status":"closed","ping_status":"open","sticky":false,"template":"","format":"standard","meta":{"footnotes":""},"categories":[24,25,183,27],"tags":[190,189,124,37,187,188,185],"class_list":["post-3807","post","type-post","status-publish","format-standard","has-post-thumbnail","hentry","category-conciertos1","category-festivales","category-luna-sur","category-noticias","tag-anni-b-sweet","tag-los-estanques","tag-luna-sur-festival","tag-marenostrum-fuengirola","tag-mike-joyce","tag-miss-caffeina","tag-vetusta-morla"],"_links":{"self":[{"href":"https:\/\/larock.com.es\/site\/wp-json\/wp\/v2\/posts\/3807","targetHints":{"allow":["GET"]}}],"collection":[{"href":"https:\/\/larock.com.es\/site\/wp-json\/wp\/v2\/posts"}],"about":[{"href":"https:\/\/larock.com.es\/site\/wp-json\/wp\/v2\/types\/post"}],"author":[{"embeddable":true,"href":"https:\/\/larock.com.es\/site\/wp-json\/wp\/v2\/users\/2"}],"replies":[{"embeddable":true,"href":"https:\/\/larock.com.es\/site\/wp-json\/wp\/v2\/comments?post=3807"}],"version-history":[{"count":5,"href":"https:\/\/larock.com.es\/site\/wp-json\/wp\/v2\/posts\/3807\/revisions"}],"predecessor-version":[{"id":4021,"href":"https:\/\/larock.com.es\/site\/wp-json\/wp\/v2\/posts\/3807\/revisions\/4021"}],"wp:featuredmedia":[{"embeddable":true,"href":"https:\/\/larock.com.es\/site\/wp-json\/wp\/v2\/media\/4000"}],"wp:attachment":[{"href":"https:\/\/larock.com.es\/site\/wp-json\/wp\/v2\/media?parent=3807"}],"wp:term":[{"taxonomy":"category","embeddable":true,"href":"https:\/\/larock.com.es\/site\/wp-json\/wp\/v2\/categories?post=3807"},{"taxonomy":"post_tag","embeddable":true,"href":"https:\/\/larock.com.es\/site\/wp-json\/wp\/v2\/tags?post=3807"}],"curies":[{"name":"wp","href":"https:\/\/api.w.org\/{rel}","templated":true}]}}