{"id":3781,"date":"2023-01-25T12:39:56","date_gmt":"2023-01-25T12:39:56","guid":{"rendered":"http:\/\/larock.com.es\/site\/?p=3781"},"modified":"2023-05-10T09:22:40","modified_gmt":"2023-05-10T09:22:40","slug":"el-kanka-nuevo-confirmado-el-3-de-agosto-para-la-edicion-mas-espectacular-de-marenostrum-fuengirola","status":"publish","type":"post","link":"https:\/\/larock.com.es\/site\/2023\/01\/25\/el-kanka-nuevo-confirmado-el-3-de-agosto-para-la-edicion-mas-espectacular-de-marenostrum-fuengirola\/","title":{"rendered":"El Kanka, nuevo confirmado el 3 de agosto para la edici\u00f3n m\u00e1s espectacular de Marenostrum Fuengirola."},"content":{"rendered":"\n<p><\/p>\n\n\n\n<p><strong><span class=\"has-inline-color has-vivid-cyan-blue-color\">El cantautor, compositor y m\u00fasico malague\u00f1o presentar\u00e1 su \u00faltimo \u00e1lbum \u201cCosas De Los Vivientes\u201d en el escenario Unicaja Banco, demostrando el potencial musical con el que arrasa llenando recintos<\/span><\/strong><\/p>\n\n\n\n<p>Marenostrum Fuengirola se caracteriza por su potencial de atraer talento nacional e internacional a un recinto \u00fanico en el panorama nacional, gracias a su perfecta ubicaci\u00f3n y clima. El artista andaluz El Kanka estar\u00e1 el pr\u00f3ximo 3 de agosto de 2023 en Marenostrum Fuengirola, tras sus cuatro llenos absolutos en la capital malague\u00f1a.<\/p>\n\n\n\n<p>Desde que comenz\u00f3 su carrera en solitario en 2007, se ha convertido en uno de los artistas espa\u00f1oles m\u00e1s demandados de la nueva generaci\u00f3n de cantautores. Con un repertorio y estilo \u00fanico, el cantante cuenta con cinco discos de estudio que lo han encumbrado como uno de los principales artistas patrios. Giras nacionales e internacionales lo avalan como referente musical.&nbsp; En su \u00faltima gira conquist\u00f3 un Wizink Center en la capital y un sinf\u00edn de fechas agotadas en Espa\u00f1a y Am\u00e9rica Latina. Ejemplo de su \u00e9xito que traspasa fronteras, con el p\u00fablico latinoamericano, fue la invitaci\u00f3n en 2019 por parte de la alcald\u00eda de Bogot\u00e1 para celebrar el cumplea\u00f1os de la ciudad colombiana con dos conciertos consecutivos colgando el cartel de completo, en el Auditorio de Le\u00f3n de Greiff de la Universidad Nacional junto a la Filarm\u00f3nica Juvenil de Bogot\u00e1 ante m\u00e1s de 3.000 personas por d\u00eda.<\/p>\n\n\n\n<p>El Kanka ha conseguido crear un sonido y estilo propio que, unido a su optimismo, humor y forma de ver la vida, cosecha un prestigio musical sin precedentes. Su transformaci\u00f3n en la producci\u00f3n, mezcla de estilos e influencias permite que el p\u00fablico escuche los primeros acordes de sus canciones e identifiquen al artista malague\u00f1o.<\/p>\n\n\n\n<p>El 3 de agosto realizar\u00e1 una parada en el escenario Unicaja Banco de Marenostrum Fuengirola para presentar su gira \u201cCosas De Los Vivientes\u201d, mientras contin\u00faa con su exitosa ruta por Espa\u00f1a.<\/p>\n\n\n\n<p><span class=\"has-inline-color has-vivid-cyan-blue-color\"><a rel=\"noreferrer noopener\" href=\"https:\/\/marenostrum.janto.es\/espectaculo\/el-kanka\/ELKANKAMARE2023\" target=\"_blank\">ENTRADAS YA A LA VENTA<\/a> <\/span><\/p>\n\n\n\n<figure class=\"wp-block-gallery columns-1 is-cropped wp-block-gallery-1 is-layout-flex wp-block-gallery-is-layout-flex\"><ul class=\"blocks-gallery-grid\"><li class=\"blocks-gallery-item\"><figure><img loading=\"lazy\" decoding=\"async\" width=\"819\" height=\"1024\" src=\"http:\/\/larock.com.es\/site\/wp-content\/uploads\/2023\/05\/EL-KANKA-MARENOSTRUM-FUENGIROLA-03-AGOSTO-23-1-819x1024.jpg\" alt=\"\" data-id=\"4022\" data-full-url=\"http:\/\/larock.com.es\/site\/wp-content\/uploads\/2023\/05\/EL-KANKA-MARENOSTRUM-FUENGIROLA-03-AGOSTO-23-1.jpg\" data-link=\"http:\/\/larock.com.es\/site\/2023\/01\/25\/el-kanka-nuevo-confirmado-el-3-de-agosto-para-la-edicion-mas-espectacular-de-marenostrum-fuengirola\/el-kanka-marenostrum-fuengirola-03-agosto-23-1\/\" class=\"wp-image-4022\" srcset=\"https:\/\/larock.com.es\/site\/wp-content\/uploads\/2023\/05\/EL-KANKA-MARENOSTRUM-FUENGIROLA-03-AGOSTO-23-1-819x1024.jpg 819w, https:\/\/larock.com.es\/site\/wp-content\/uploads\/2023\/05\/EL-KANKA-MARENOSTRUM-FUENGIROLA-03-AGOSTO-23-1-240x300.jpg 240w, https:\/\/larock.com.es\/site\/wp-content\/uploads\/2023\/05\/EL-KANKA-MARENOSTRUM-FUENGIROLA-03-AGOSTO-23-1-768x960.jpg 768w, https:\/\/larock.com.es\/site\/wp-content\/uploads\/2023\/05\/EL-KANKA-MARENOSTRUM-FUENGIROLA-03-AGOSTO-23-1.jpg 1080w\" sizes=\"auto, (max-width: 819px) 100vw, 819px\" \/><\/figure><\/li><\/ul><\/figure>\n\n\n\n<p><\/p>\n\n\n\n<p><\/p>\n","protected":false},"excerpt":{"rendered":"<p>El cantautor, compositor y m\u00fasico malague\u00f1o presentar\u00e1 su \u00faltimo \u00e1lbum \u201cCosas De Los Vivientes\u201d en el escenario Unicaja Banco, demostrando el potencial musical con el que arrasa llenando recintos Marenostrum Fuengirola se caracteriza por su potencial de atraer talento nacional e internacional a un recinto \u00fanico en el panorama nacional, gracias a su perfecta ubicaci\u00f3n [&hellip;]<\/p>\n","protected":false},"author":2,"featured_media":3999,"comment_status":"closed","ping_status":"open","sticky":false,"template":"","format":"standard","meta":{"footnotes":""},"categories":[24,25,27],"tags":[51,37],"class_list":["post-3781","post","type-post","status-publish","format-standard","has-post-thumbnail","hentry","category-conciertos1","category-festivales","category-noticias","tag-el-kanka","tag-marenostrum-fuengirola"],"_links":{"self":[{"href":"https:\/\/larock.com.es\/site\/wp-json\/wp\/v2\/posts\/3781","targetHints":{"allow":["GET"]}}],"collection":[{"href":"https:\/\/larock.com.es\/site\/wp-json\/wp\/v2\/posts"}],"about":[{"href":"https:\/\/larock.com.es\/site\/wp-json\/wp\/v2\/types\/post"}],"author":[{"embeddable":true,"href":"https:\/\/larock.com.es\/site\/wp-json\/wp\/v2\/users\/2"}],"replies":[{"embeddable":true,"href":"https:\/\/larock.com.es\/site\/wp-json\/wp\/v2\/comments?post=3781"}],"version-history":[{"count":5,"href":"https:\/\/larock.com.es\/site\/wp-json\/wp\/v2\/posts\/3781\/revisions"}],"predecessor-version":[{"id":4025,"href":"https:\/\/larock.com.es\/site\/wp-json\/wp\/v2\/posts\/3781\/revisions\/4025"}],"wp:featuredmedia":[{"embeddable":true,"href":"https:\/\/larock.com.es\/site\/wp-json\/wp\/v2\/media\/3999"}],"wp:attachment":[{"href":"https:\/\/larock.com.es\/site\/wp-json\/wp\/v2\/media?parent=3781"}],"wp:term":[{"taxonomy":"category","embeddable":true,"href":"https:\/\/larock.com.es\/site\/wp-json\/wp\/v2\/categories?post=3781"},{"taxonomy":"post_tag","embeddable":true,"href":"https:\/\/larock.com.es\/site\/wp-json\/wp\/v2\/tags?post=3781"}],"curies":[{"name":"wp","href":"https:\/\/api.w.org\/{rel}","templated":true}]}}