{"id":3698,"date":"2022-04-13T14:36:57","date_gmt":"2022-04-13T14:36:57","guid":{"rendered":"http:\/\/larock.com.es\/site\/?p=3698"},"modified":"2022-04-13T14:38:09","modified_gmt":"2022-04-13T14:38:09","slug":"pasion-vega-en-marenostrum-fuengirola","status":"publish","type":"post","link":"https:\/\/larock.com.es\/site\/2022\/04\/13\/pasion-vega-en-marenostrum-fuengirola\/","title":{"rendered":"Pasi\u00f3n Vega en Marenostrum Fuengirola"},"content":{"rendered":"\n<p><\/p>\n\n\n\n<p>Pasi\u00f3n Vega es la nueva confirmaci\u00f3n en Marenostrum Fuengirola 2022. La artista presentar\u00e1 el 11 de junio, a las 22:00 horas, en el escenario del Castillo Sohail su \u00faltimo trabajo, \u201cTodo lo que tengo\u201d, un homenaje a la m\u00fasica y al folclore latinoamericano a trav\u00e9s de un repertorio escrito por distintos compositores de uno y otro lado del Atl\u00e1ntico. Las entradas est\u00e1n ya a la venta en&nbsp;<a href=\"http:\/\/www.marenostrumfuengirola.com\/\">www.marenostrumfuengirola.com<\/a>&nbsp;<\/p>\n\n\n\n<p>\u201cCon un concierto a piano y voz, Pasi\u00f3n Vega, madrile\u00f1a de nacimiento y malague\u00f1a de coraz\u00f3n, compartir\u00e1 con el p\u00fablico de Marenostrum Fuengirola este nuevo proyecto, compuesto por un total de 13 canciones. \u201cTodo lo que tengo\u201d es un viaje sonoro a trav\u00e9s de letras con tem\u00e1ticas diversas y ritmos como el Son, la Bachata, el Bolero, la Bossa, entre muchos otros, y, en efecto, un \u00e1lbum con miles de colores, timbres genuinos, pureza y sensibilidad \u00fanica\u00bb.<br><\/p>\n\n\n\n<p><a href=\"https:\/\/marenostrum.janto.es\/espectaculo\/pasion-vega\/PVEGA2022\">ENTRADAS YA A LA VENTA<\/a> <\/p>\n\n\n\n<figure class=\"wp-block-image size-large\"><img loading=\"lazy\" decoding=\"async\" width=\"1024\" height=\"1024\" src=\"http:\/\/larock.com.es\/site\/wp-content\/uploads\/2022\/04\/1200x1200-1024x1024.jpg\" alt=\"\" class=\"wp-image-3701\" srcset=\"https:\/\/larock.com.es\/site\/wp-content\/uploads\/2022\/04\/1200x1200-1024x1024.jpg 1024w, https:\/\/larock.com.es\/site\/wp-content\/uploads\/2022\/04\/1200x1200-300x300.jpg 300w, https:\/\/larock.com.es\/site\/wp-content\/uploads\/2022\/04\/1200x1200-150x150.jpg 150w, https:\/\/larock.com.es\/site\/wp-content\/uploads\/2022\/04\/1200x1200-768x768.jpg 768w, https:\/\/larock.com.es\/site\/wp-content\/uploads\/2022\/04\/1200x1200.jpg 1200w\" sizes=\"auto, (max-width: 1024px) 100vw, 1024px\" \/><\/figure>\n\n\n\n<p><\/p>\n\n\n\n<p><\/p>\n","protected":false},"excerpt":{"rendered":"<p>Pasi\u00f3n Vega es la nueva confirmaci\u00f3n en Marenostrum Fuengirola 2022. La artista presentar\u00e1 el 11 de junio, a las 22:00 horas, en el escenario del Castillo Sohail su \u00faltimo trabajo, \u201cTodo lo que tengo\u201d, un homenaje a la m\u00fasica y al folclore latinoamericano a trav\u00e9s de un repertorio escrito por distintos compositores de uno y [&hellip;]<\/p>\n","protected":false},"author":2,"featured_media":3701,"comment_status":"closed","ping_status":"open","sticky":false,"template":"","format":"standard","meta":{"footnotes":""},"categories":[27],"tags":[37,182],"class_list":["post-3698","post","type-post","status-publish","format-standard","has-post-thumbnail","hentry","category-noticias","tag-marenostrum-fuengirola","tag-pasion-vega"],"_links":{"self":[{"href":"https:\/\/larock.com.es\/site\/wp-json\/wp\/v2\/posts\/3698","targetHints":{"allow":["GET"]}}],"collection":[{"href":"https:\/\/larock.com.es\/site\/wp-json\/wp\/v2\/posts"}],"about":[{"href":"https:\/\/larock.com.es\/site\/wp-json\/wp\/v2\/types\/post"}],"author":[{"embeddable":true,"href":"https:\/\/larock.com.es\/site\/wp-json\/wp\/v2\/users\/2"}],"replies":[{"embeddable":true,"href":"https:\/\/larock.com.es\/site\/wp-json\/wp\/v2\/comments?post=3698"}],"version-history":[{"count":4,"href":"https:\/\/larock.com.es\/site\/wp-json\/wp\/v2\/posts\/3698\/revisions"}],"predecessor-version":[{"id":3703,"href":"https:\/\/larock.com.es\/site\/wp-json\/wp\/v2\/posts\/3698\/revisions\/3703"}],"wp:featuredmedia":[{"embeddable":true,"href":"https:\/\/larock.com.es\/site\/wp-json\/wp\/v2\/media\/3701"}],"wp:attachment":[{"href":"https:\/\/larock.com.es\/site\/wp-json\/wp\/v2\/media?parent=3698"}],"wp:term":[{"taxonomy":"category","embeddable":true,"href":"https:\/\/larock.com.es\/site\/wp-json\/wp\/v2\/categories?post=3698"},{"taxonomy":"post_tag","embeddable":true,"href":"https:\/\/larock.com.es\/site\/wp-json\/wp\/v2\/tags?post=3698"}],"curies":[{"name":"wp","href":"https:\/\/api.w.org\/{rel}","templated":true}]}}