{"id":3680,"date":"2022-04-13T13:01:14","date_gmt":"2022-04-13T13:01:14","guid":{"rendered":"http:\/\/larock.com.es\/site\/?p=3680"},"modified":"2022-04-13T13:01:47","modified_gmt":"2022-04-13T13:01:47","slug":"mi-primer-festival-el-mayor-festival-de-musica-infantil","status":"publish","type":"post","link":"https:\/\/larock.com.es\/site\/2022\/04\/13\/mi-primer-festival-el-mayor-festival-de-musica-infantil\/","title":{"rendered":"Mi Primer Festival, el mayor festival de m\u00fasica infantil."},"content":{"rendered":"\n<p><strong>EL WANDA METROPOLITANO DE MADRID ACOGER\u00c1 LOS D\u00cdAS 11 Y 12 DE JUNIO A LAS ESTRELLAS INTERNACIONALES M\u00c1S ACLAMADAS POR EL P\u00daBLICO FAMILIAR: LA PATRULLA CANINA, BOB ESPONJA, PEPPA PIG, SIMON, POCOY\u00d3, LA OVEJA SHAUN O MY LITTLE PONY SE DAR\u00c1N CITA EN EL MAYOR FESTIVAL DE M\u00daSICA INFANTIL<\/strong><\/p>\n\n\n\n<p>MI PRIMER FESTIVAL, en su primera edici\u00f3n en Espa\u00f1a, presenta una oportunidad \u00fanica para que los ni\u00f1os y ni\u00f1as disfruten de los grandes formatos de festivales musicales en una versi\u00f3n concebida para el p\u00fablico infantil y familiar. Sus personajes animados favoritos cobrar\u00e1n vida sobre el imponente escenario de un recinto acostumbrado a los grandes conciertos, como es el Wanda Metropolitano.<\/p>\n\n\n\n<p>El Festival propone descubrir en los\/las ni\u00f1os\/as el disfrute y el gusto por la Cultura en sus m\u00faltiples manifestaciones: artes esc\u00e9nicas, circo, artes pl\u00e1sticas y actividades complementarias como el ocio fomentando sus capacidades y dones participativos.<\/p>\n\n\n\n<p>En suma, MI PRIMER FESTIVAL, como el t\u00edtulo recoge en su mismo mensaje, es la primera oportunidad para nuestros peque\u00f1os de disfrutar como los adultos de su FESTIVAL. Cantar y bailar con sus personajes favoritos, como los adultos podemos vivir un festival de rock, pop,\u2026 los ni\u00f1os y ni\u00f1as encontrar\u00e1n en el Festival su primera experiencia social donde conviven y disfrutan con sus iguales en torno a la m\u00fasica.<\/p>\n\n\n\n<p>Es un d\u00eda especial de interacci\u00f3n entre padres\/madres e hijos\/as, donde los peque\u00f1os\/as tienen la atenci\u00f3n completa de los adultos. A diferencia de otros espect\u00e1culos de escenario donde nuestras oportunidades de comunicaci\u00f3n se limitan a antes o despu\u00e9s del espect\u00e1culo, o durante un receso, un Festival permite m\u00faltiples actividades l\u00fadicas y educativas en un mismo espacio y contacto directo con otros\/as ni\u00f1os y ni\u00f1as y sus familias.<\/p>\n\n\n\n<p>Es un evento memorable tanto para ni\u00f1os como para padres, ya que este es el primer Festival real para sus peque\u00f1os\/as.<\/p>\n\n\n\n<p><a href=\"https:\/\/www.entradas.com\/artist\/mi-primer-festival?affiliate=MPF\">ENTRADAS YA A LA VENTA<\/a> <\/p>\n\n\n\n<figure class=\"wp-block-image size-large\"><img loading=\"lazy\" decoding=\"async\" width=\"1024\" height=\"1024\" src=\"http:\/\/larock.com.es\/site\/wp-content\/uploads\/2022\/04\/Instagramw1000x1000px_nuevo-1024x1024.jpg\" alt=\"\" class=\"wp-image-3681\" srcset=\"https:\/\/larock.com.es\/site\/wp-content\/uploads\/2022\/04\/Instagramw1000x1000px_nuevo-1024x1024.jpg 1024w, https:\/\/larock.com.es\/site\/wp-content\/uploads\/2022\/04\/Instagramw1000x1000px_nuevo-300x300.jpg 300w, https:\/\/larock.com.es\/site\/wp-content\/uploads\/2022\/04\/Instagramw1000x1000px_nuevo-150x150.jpg 150w, https:\/\/larock.com.es\/site\/wp-content\/uploads\/2022\/04\/Instagramw1000x1000px_nuevo-768x768.jpg 768w, https:\/\/larock.com.es\/site\/wp-content\/uploads\/2022\/04\/Instagramw1000x1000px_nuevo.jpg 1200w\" sizes=\"auto, (max-width: 1024px) 100vw, 1024px\" \/><\/figure>\n\n\n\n<p><\/p>\n\n\n\n<p><\/p>\n","protected":false},"excerpt":{"rendered":"<p>EL WANDA METROPOLITANO DE MADRID ACOGER\u00c1 LOS D\u00cdAS 11 Y 12 DE JUNIO A LAS ESTRELLAS INTERNACIONALES M\u00c1S ACLAMADAS POR EL P\u00daBLICO FAMILIAR: LA PATRULLA CANINA, BOB ESPONJA, PEPPA PIG, SIMON, POCOY\u00d3, LA OVEJA SHAUN O MY LITTLE PONY SE DAR\u00c1N CITA EN EL MAYOR FESTIVAL DE M\u00daSICA INFANTIL MI PRIMER FESTIVAL, en su primera [&hellip;]<\/p>\n","protected":false},"author":2,"featured_media":3681,"comment_status":"closed","ping_status":"open","sticky":false,"template":"","format":"standard","meta":{"footnotes":""},"categories":[27],"tags":[178,32,175,179,180,177,176,181],"class_list":["post-3680","post","type-post","status-publish","format-standard","has-post-thumbnail","hentry","category-noticias","tag-bob-esponja","tag-madrid","tag-mi-primer-festival","tag-patrulla-canina","tag-peppa-pig","tag-plan-familiar","tag-planes-en-madrid","tag-pocoyo"],"_links":{"self":[{"href":"https:\/\/larock.com.es\/site\/wp-json\/wp\/v2\/posts\/3680","targetHints":{"allow":["GET"]}}],"collection":[{"href":"https:\/\/larock.com.es\/site\/wp-json\/wp\/v2\/posts"}],"about":[{"href":"https:\/\/larock.com.es\/site\/wp-json\/wp\/v2\/types\/post"}],"author":[{"embeddable":true,"href":"https:\/\/larock.com.es\/site\/wp-json\/wp\/v2\/users\/2"}],"replies":[{"embeddable":true,"href":"https:\/\/larock.com.es\/site\/wp-json\/wp\/v2\/comments?post=3680"}],"version-history":[{"count":4,"href":"https:\/\/larock.com.es\/site\/wp-json\/wp\/v2\/posts\/3680\/revisions"}],"predecessor-version":[{"id":3685,"href":"https:\/\/larock.com.es\/site\/wp-json\/wp\/v2\/posts\/3680\/revisions\/3685"}],"wp:featuredmedia":[{"embeddable":true,"href":"https:\/\/larock.com.es\/site\/wp-json\/wp\/v2\/media\/3681"}],"wp:attachment":[{"href":"https:\/\/larock.com.es\/site\/wp-json\/wp\/v2\/media?parent=3680"}],"wp:term":[{"taxonomy":"category","embeddable":true,"href":"https:\/\/larock.com.es\/site\/wp-json\/wp\/v2\/categories?post=3680"},{"taxonomy":"post_tag","embeddable":true,"href":"https:\/\/larock.com.es\/site\/wp-json\/wp\/v2\/tags?post=3680"}],"curies":[{"name":"wp","href":"https:\/\/api.w.org\/{rel}","templated":true}]}}