{"id":3657,"date":"2022-03-28T12:41:35","date_gmt":"2022-03-28T12:41:35","guid":{"rendered":"http:\/\/larock.com.es\/site\/?p=3657"},"modified":"2022-04-13T14:07:36","modified_gmt":"2022-04-13T14:07:36","slug":"sohail-jazz-world-music-experience-presenta-su-ii-edicion","status":"publish","type":"post","link":"https:\/\/larock.com.es\/site\/2022\/03\/28\/sohail-jazz-world-music-experience-presenta-su-ii-edicion\/","title":{"rendered":"SOHAIL JAZZ &#038; WORLD MUSIC EXPERIENCE PRESENTA SU II EDICI\u00d3N"},"content":{"rendered":"\n<p>Tras una exitosa primera edici\u00f3n, <strong>Sohail Jazz &amp; World Music Experience<\/strong> regresa en 2022 con un cartel que confirma la apuesta del festival por convertirse en una de las grandes citas del Jazz Internacional.<\/p>\n\n\n\n<p>La esencia y la magia que se inspira en los m\u00edticos clubes de jazz de las capitales mundiales se verter\u00e1 bajo el cielo estrellado de Fuengirola para convertir el <strong>interior del Castillo Sohail<\/strong> en templo del Jazz y de las M\u00fasicas del Mundo. En un entorno hist\u00f3rico y natural id\u00edlico con el mar de fondo, la segunda edici\u00f3n del festival se celebrar\u00e1 los d\u00edas <strong>17 y 18 de Junio<\/strong>.<\/p>\n\n\n\n<p><strong>Entradas a la venta el 28 de Marzo de 2022 en www.marenostrumfuengirola.com y El Corte Ingl\u00e9s.<\/strong><\/p>\n\n\n\n<p>El <strong>viernes 17<\/strong>, el pianista y compositor cubano, <strong>Pepe Rivero<\/strong> y la cantante ibicenca <strong>\u00c1ngela Cervantes<\/strong> se unen en un proyecto delicado y elegante para rememorar y expandir el repertorio de la artista puertorrique\u00f1a <strong>Sylvia Rexach<\/strong>.<\/p>\n\n\n\n<p>Tras ellos, uno de los conciertos m\u00e1s especiales que se recordar\u00e1n con el <strong>proyecto producido para el festival<\/strong> por <strong><em>El Cuarteto Secreto<\/em><\/strong> y encabezado por el portugu\u00e9s <strong>Salvador Sobral.<\/strong> El luso conocido por alzarse con el primer galard\u00f3n eurovisivo se ha encaminado hacia la m\u00fasica jazz y es uno de los referentes musicales tanto dentro de su pa\u00eds como internacionalmente. En este proyecto en exclusiva se re\u00fane con una ins\u00f3lita banda que cierran Javier Galiana, Jos\u00e9 L\u00f3pez y Luati Gonz\u00e1lez, y que ser\u00e1 una verdadera delicia y una experiencia \u00fanica e irrepetible.<\/p>\n\n\n\n<p>La noche del <strong>s\u00e1bado 18 de Junio<\/strong> se envuelve de la experiencia de dos de los proyectos que aglutinan a los artistas nacionales m\u00e1s respetados y extraordinarios de nuestro pa\u00eds. <strong>Carles Benavent <\/strong>(bajo el\u00e9ctrico),<strong> Tino di Geraldo<\/strong> (bater\u00eda) y<strong> Jorge Pardo<\/strong> (saxo y flauta), <em>\u00abEl tr\u00edo\u00bb<\/em>, que lejos de pretensiones, es el nombre con el que su p\u00fablico les conoce, es \u00abun experimento\u00bb de resultados sin precedentes, con <strong>Flamenco Leaks<\/strong>, celebran 20 a\u00f1os desde el primer disco de estudios que les uni\u00f3. Dos d\u00e9cadas de vidas dedicadas al completo a la creaci\u00f3n e interpretaci\u00f3n, hacen de ellos, alumnos aventajados, inventores y maestros a la vez, que no necesitan m\u00e1s presentaci\u00f3n.<\/p>\n\n\n\n<p><strong><em>Vida<\/em><\/strong> es el nombre de la tercera entrega de <strong><em>De Cerca<\/em><\/strong>, el proyecto que uni\u00f3 a Josemi <strong>Carmona<\/strong> (guitarra), <strong>Javier Colina<\/strong> (contrabajo) y <strong>Bandolero<\/strong> (caj\u00f3n) en tres trabajos discogr\u00e1ficos sofisticados y representativos del g\u00e9nero flamenco-jazz con una puesta en escena deliciosa y exquisita. Este \u00faltimo trabajo abarca piezas populares, muchas de ellas de ra\u00edz latinoamericana y composiciones flamencas de Josemi, a la vez que desarrolla y profundiza en un sonido propio forjado en todos estos a\u00f1os de camino musical compartido y que resonar\u00e1 con m\u00e1s belleza que nunca en los muros de Sohail.<\/p>\n\n\n\n<p><\/p>\n\n\n\n<figure class=\"wp-block-image size-large\"><img loading=\"lazy\" decoding=\"async\" width=\"1024\" height=\"1024\" src=\"http:\/\/larock.com.es\/site\/wp-content\/uploads\/2022\/04\/SJWME-22-1200x1200px-V.Artistas-1024x1024.jpg\" alt=\"\" class=\"wp-image-3693\" srcset=\"https:\/\/larock.com.es\/site\/wp-content\/uploads\/2022\/04\/SJWME-22-1200x1200px-V.Artistas-1024x1024.jpg 1024w, https:\/\/larock.com.es\/site\/wp-content\/uploads\/2022\/04\/SJWME-22-1200x1200px-V.Artistas-300x300.jpg 300w, https:\/\/larock.com.es\/site\/wp-content\/uploads\/2022\/04\/SJWME-22-1200x1200px-V.Artistas-150x150.jpg 150w, https:\/\/larock.com.es\/site\/wp-content\/uploads\/2022\/04\/SJWME-22-1200x1200px-V.Artistas-768x768.jpg 768w, https:\/\/larock.com.es\/site\/wp-content\/uploads\/2022\/04\/SJWME-22-1200x1200px-V.Artistas.jpg 1200w\" sizes=\"auto, (max-width: 1024px) 100vw, 1024px\" \/><\/figure>\n\n\n\n<p><\/p>\n\n\n\n<p><\/p>\n","protected":false},"excerpt":{"rendered":"<p>Tras una exitosa primera edici\u00f3n, Sohail Jazz &amp; World Music Experience regresa en 2022 con un cartel que confirma la apuesta del festival por convertirse en una de las grandes citas del Jazz Internacional. La esencia y la magia que se inspira en los m\u00edticos clubes de jazz de las capitales mundiales se verter\u00e1 bajo [&hellip;]<\/p>\n","protected":false},"author":2,"featured_media":3693,"comment_status":"closed","ping_status":"open","sticky":false,"template":"","format":"standard","meta":{"footnotes":""},"categories":[27],"tags":[167,170,172,164,169,165,173,166,171,168],"class_list":["post-3657","post","type-post","status-publish","format-standard","has-post-thumbnail","hentry","category-noticias","tag-angela-cervantes","tag-carles-benavent","tag-fuengirola","tag-jazz","tag-jorge-pardo","tag-josemi-carmona","tag-malaga","tag-pepe-rivero","tag-salvador-sobral","tag-tino-di-geraldo"],"_links":{"self":[{"href":"https:\/\/larock.com.es\/site\/wp-json\/wp\/v2\/posts\/3657","targetHints":{"allow":["GET"]}}],"collection":[{"href":"https:\/\/larock.com.es\/site\/wp-json\/wp\/v2\/posts"}],"about":[{"href":"https:\/\/larock.com.es\/site\/wp-json\/wp\/v2\/types\/post"}],"author":[{"embeddable":true,"href":"https:\/\/larock.com.es\/site\/wp-json\/wp\/v2\/users\/2"}],"replies":[{"embeddable":true,"href":"https:\/\/larock.com.es\/site\/wp-json\/wp\/v2\/comments?post=3657"}],"version-history":[{"count":4,"href":"https:\/\/larock.com.es\/site\/wp-json\/wp\/v2\/posts\/3657\/revisions"}],"predecessor-version":[{"id":3696,"href":"https:\/\/larock.com.es\/site\/wp-json\/wp\/v2\/posts\/3657\/revisions\/3696"}],"wp:featuredmedia":[{"embeddable":true,"href":"https:\/\/larock.com.es\/site\/wp-json\/wp\/v2\/media\/3693"}],"wp:attachment":[{"href":"https:\/\/larock.com.es\/site\/wp-json\/wp\/v2\/media?parent=3657"}],"wp:term":[{"taxonomy":"category","embeddable":true,"href":"https:\/\/larock.com.es\/site\/wp-json\/wp\/v2\/categories?post=3657"},{"taxonomy":"post_tag","embeddable":true,"href":"https:\/\/larock.com.es\/site\/wp-json\/wp\/v2\/tags?post=3657"}],"curies":[{"name":"wp","href":"https:\/\/api.w.org\/{rel}","templated":true}]}}