{"id":3651,"date":"2022-03-28T12:32:34","date_gmt":"2022-03-28T12:32:34","guid":{"rendered":"http:\/\/larock.com.es\/site\/?p=3651"},"modified":"2022-03-28T12:35:34","modified_gmt":"2022-03-28T12:35:34","slug":"simply-red-en-marenostrum-fuengirola","status":"publish","type":"post","link":"https:\/\/larock.com.es\/site\/2022\/03\/28\/simply-red-en-marenostrum-fuengirola\/","title":{"rendered":"SIMPLY RED EN MARENOSTRUM FUENGIROLA"},"content":{"rendered":"\n<p>Sus fans podr\u00e1n disfrutar de los mayores \u00e9xitos del m\u00edtico grupo brit\u00e1nico, el domingo 5 de junio.<br>La banda, liderada por Mick Hucknall, fue la primera gran actuaci\u00f3n internacional que ofreci\u00f3 el recinto fuengirole\u00f1o en 2016, y ha sido una de las m\u00e1s solicitadas por el p\u00fablico para su regreso.<\/p>\n\n\n\n<p>Marenostrum Fuengirola, que este a\u00f1o celebra su s\u00e9ptima edici\u00f3n, contin\u00faa desvelando grandes nombres nacionales e internacionales que formar\u00e1n parte de su oferta musical y cultural para la temporada 2022.<br>En esta ocasi\u00f3n, la organizaci\u00f3n ofrecer\u00e1 la oportunidad de disfrutar del inigualable directo de uno de los grupos musicales de m\u00e1s \u00e9xito en los 80 y en los 90. SIMPLY RED, la m\u00edtica banda brit\u00e1nica de pop soul liderada por el vocalista Mick Hucknall, estar\u00e1 de regreso en el escenario de Marenostrum Fuengirola el pr\u00f3ximo domingo 5 de junio.<br>Hablar de Simply Red es hablar de Mick Hucknall, una de las mejores voces en vivo de la industria, con alma soul, de t\u00e9cnica exquisita y capaz de emocionar con ese \u201calgo\u201d especial que sienten todos aquellos que disfrutan con su m\u00fasica.<br>Bajo su liderazgo, Simply Red ha forjado una carrera dorada a lo largo de los a\u00f1os. Despu\u00e9s de tres d\u00e9cadas de buena m\u00fasica, acumula m\u00e1s de 60 millones de discos vendidos en todo el mundo y m\u00e1s de 30 n\u00fameros uno, y prevalece m\u00e1s all\u00e1 de tendencias gracias a su calidad musical, la atemporalidad de sus grandes \u00e9xitos, y la fuerza de sus directos.<br>Prueba de ello es su \u00faltimo y reci\u00e9n publicado trabajo, Simply Red Remixed, en el que DJs y productores de todo el mundo han remasterizado hasta 22 canciones de la banda de Hucknall, incluyendo versiones nunca antes vistas.<\/p>\n\n\n\n<p><\/p>\n\n\n\n<p><\/p>\n\n\n\n<p><\/p>\n","protected":false},"excerpt":{"rendered":"<p>Sus fans podr\u00e1n disfrutar de los mayores \u00e9xitos del m\u00edtico grupo brit\u00e1nico, el domingo 5 de junio.La banda, liderada por Mick Hucknall, fue la primera gran actuaci\u00f3n internacional que ofreci\u00f3 el recinto fuengirole\u00f1o en 2016, y ha sido una de las m\u00e1s solicitadas por el p\u00fablico para su regreso. Marenostrum Fuengirola, que este a\u00f1o celebra [&hellip;]<\/p>\n","protected":false},"author":2,"featured_media":3654,"comment_status":"closed","ping_status":"open","sticky":false,"template":"","format":"standard","meta":{"footnotes":""},"categories":[27],"tags":[163],"class_list":["post-3651","post","type-post","status-publish","format-standard","has-post-thumbnail","hentry","category-noticias","tag-simply-red"],"_links":{"self":[{"href":"https:\/\/larock.com.es\/site\/wp-json\/wp\/v2\/posts\/3651","targetHints":{"allow":["GET"]}}],"collection":[{"href":"https:\/\/larock.com.es\/site\/wp-json\/wp\/v2\/posts"}],"about":[{"href":"https:\/\/larock.com.es\/site\/wp-json\/wp\/v2\/types\/post"}],"author":[{"embeddable":true,"href":"https:\/\/larock.com.es\/site\/wp-json\/wp\/v2\/users\/2"}],"replies":[{"embeddable":true,"href":"https:\/\/larock.com.es\/site\/wp-json\/wp\/v2\/comments?post=3651"}],"version-history":[{"count":4,"href":"https:\/\/larock.com.es\/site\/wp-json\/wp\/v2\/posts\/3651\/revisions"}],"predecessor-version":[{"id":3656,"href":"https:\/\/larock.com.es\/site\/wp-json\/wp\/v2\/posts\/3651\/revisions\/3656"}],"wp:featuredmedia":[{"embeddable":true,"href":"https:\/\/larock.com.es\/site\/wp-json\/wp\/v2\/media\/3654"}],"wp:attachment":[{"href":"https:\/\/larock.com.es\/site\/wp-json\/wp\/v2\/media?parent=3651"}],"wp:term":[{"taxonomy":"category","embeddable":true,"href":"https:\/\/larock.com.es\/site\/wp-json\/wp\/v2\/categories?post=3651"},{"taxonomy":"post_tag","embeddable":true,"href":"https:\/\/larock.com.es\/site\/wp-json\/wp\/v2\/tags?post=3651"}],"curies":[{"name":"wp","href":"https:\/\/api.w.org\/{rel}","templated":true}]}}