{"id":3602,"date":"2022-02-25T11:06:50","date_gmt":"2022-02-25T11:06:50","guid":{"rendered":"http:\/\/larock.com.es\/site\/?p=3602"},"modified":"2022-02-25T11:06:51","modified_gmt":"2022-02-25T11:06:51","slug":"l-a-rock-entertainment-incorpora-a-su-roster-al-nominado-al-latin-grammy","status":"publish","type":"post","link":"https:\/\/larock.com.es\/site\/2022\/02\/25\/l-a-rock-entertainment-incorpora-a-su-roster-al-nominado-al-latin-grammy\/","title":{"rendered":"L.A. ROCK ENTERTAINMENT INCORPORA A SU ROSTER AL NOMINADO AL LATIN GRAMMY"},"content":{"rendered":"\n<p style=\"text-align: justify;\">Con su primer \u00e1lbum de estudio autogestionado <strong>Diego Guerrero <\/strong>consegu\u00eda la nominaci\u00f3n a <strong>Mejor \u00c1lbum de M\u00fasica Flamenca en los Latin Grammy <\/strong>de 2017. El m\u00fasico andaluz llega a las filas de L.A. Rock Entertainment, retomando as\u00ed la <strong>divisi\u00f3n de Booking &amp; Management.<\/strong><\/p>\n<p style=\"text-align: justify;\"> <\/p>\n<p style=\"text-align: justify;\">Es un orgullo contar con un <strong>m\u00fasico, cantante, compositor, arreglista y productor <\/strong>de las caracter\u00edsticas de Diego Guerrero. Mente inquieta y creativa que ha llevado <strong>su m\u00fasica por los cinco continentes <\/strong>participando en festivales internacionales junto a artistas de talla universal y colgando el cartel de <em>entradas agotadas <\/em>en salas y clubes de reconocido prestigio mundial.<\/p>\n<p style=\"text-align: justify;\"> <\/p>\n<p style=\"text-align: justify;\">El de Huelva, formado en conservatorio, se ha nutrido del <strong>flamenco <\/strong>enraizado en su cultura andaluza y lo ha elevado y enriquecido en la fusi\u00f3n con el <strong>jazz <\/strong>y los <strong>ritmos afrocubanos.<\/strong><\/p>\n<p style=\"text-align: justify;\"> <\/p>\n<p style=\"text-align: justify;\">Afincado en Madrid, a su llegada a la capital revolucion\u00f3 la noche madrile\u00f1a con una de las <strong>Jam Sessions <\/strong>m\u00e1s longevas, exitosas y productivas de la cultura de clubes en la ciudad. Durante m\u00e1s de tres a\u00f1os, en el m\u00edtico <strong>Caf\u00e9 Berl\u00edn<\/strong>, Diego sembr\u00f3 el germen de la m\u00fasica en vivo hecha con el coraz\u00f3n a una nueva generaci\u00f3n de m\u00fasicos y comparti\u00f3 con artistas internacionales ya consagrados una comuni\u00f3n de rebosante talento.<\/p>\n<p style=\"text-align: justify;\"> <\/p>\n<p style=\"text-align: justify;\">Ha participado en festivales como el <strong>Womad Australia, el Gent Festival de Belgica, Flamenco Festival de Nueva York o el Jeonju de Corea del Sur <\/strong>y compartido tablas y estudios con <strong>Diego El Cigala, Jerry Gonz\u00e1lez, Alain P\u00e9rez, Joao Frade, Israel Fern\u00e1ndez, Josemi Carmona o Diego del Morao <\/strong>entre otros en una extensa lista de artistas de talla mundial.<\/p>\n","protected":false},"excerpt":{"rendered":"<p>Con su primer \u00e1lbum de estudio autogestionado Diego Guerrero consegu\u00eda la nominaci\u00f3n a Mejor \u00c1lbum de M\u00fasica Flamenca en los Latin Grammy de 2017. El m\u00fasico andaluz llega a las filas de L.A. Rock Entertainment, retomando as\u00ed la divisi\u00f3n de Booking &amp; Management. Es un orgullo contar con un m\u00fasico, cantante, compositor, arreglista y productor [&hellip;]<\/p>\n","protected":false},"author":2,"featured_media":3603,"comment_status":"closed","ping_status":"open","sticky":false,"template":"","format":"standard","meta":{"footnotes":""},"categories":[27],"tags":[162,43,42],"class_list":["post-3602","post","type-post","status-publish","format-standard","has-post-thumbnail","hentry","category-noticias","tag-diego-guerrero","tag-l-a-rock","tag-l-a-rock-entertainment"],"_links":{"self":[{"href":"https:\/\/larock.com.es\/site\/wp-json\/wp\/v2\/posts\/3602","targetHints":{"allow":["GET"]}}],"collection":[{"href":"https:\/\/larock.com.es\/site\/wp-json\/wp\/v2\/posts"}],"about":[{"href":"https:\/\/larock.com.es\/site\/wp-json\/wp\/v2\/types\/post"}],"author":[{"embeddable":true,"href":"https:\/\/larock.com.es\/site\/wp-json\/wp\/v2\/users\/2"}],"replies":[{"embeddable":true,"href":"https:\/\/larock.com.es\/site\/wp-json\/wp\/v2\/comments?post=3602"}],"version-history":[{"count":2,"href":"https:\/\/larock.com.es\/site\/wp-json\/wp\/v2\/posts\/3602\/revisions"}],"predecessor-version":[{"id":3605,"href":"https:\/\/larock.com.es\/site\/wp-json\/wp\/v2\/posts\/3602\/revisions\/3605"}],"wp:featuredmedia":[{"embeddable":true,"href":"https:\/\/larock.com.es\/site\/wp-json\/wp\/v2\/media\/3603"}],"wp:attachment":[{"href":"https:\/\/larock.com.es\/site\/wp-json\/wp\/v2\/media?parent=3602"}],"wp:term":[{"taxonomy":"category","embeddable":true,"href":"https:\/\/larock.com.es\/site\/wp-json\/wp\/v2\/categories?post=3602"},{"taxonomy":"post_tag","embeddable":true,"href":"https:\/\/larock.com.es\/site\/wp-json\/wp\/v2\/tags?post=3602"}],"curies":[{"name":"wp","href":"https:\/\/api.w.org\/{rel}","templated":true}]}}