{"id":3477,"date":"2022-02-09T15:38:16","date_gmt":"2022-02-09T15:38:16","guid":{"rendered":"http:\/\/larock.com.es\/site\/?p=3477"},"modified":"2022-02-17T16:43:45","modified_gmt":"2022-02-17T16:43:45","slug":"this-is-michael-llega-a-madrid","status":"publish","type":"post","link":"https:\/\/larock.com.es\/site\/2022\/02\/09\/this-is-michael-llega-a-madrid\/","title":{"rendered":"\u00abTHIS IS MICHAEL\u00bb LLEGA A MADRID"},"content":{"rendered":"<p><img loading=\"lazy\" decoding=\"async\" class=\"alignnone  wp-image-3486\" src=\"http:\/\/larock.com.es\/site\/wp-content\/uploads\/2022\/02\/TIMJ-1920X1080px-300x169.jpg\" alt=\"\" width=\"838\" height=\"472\" srcset=\"https:\/\/larock.com.es\/site\/wp-content\/uploads\/2022\/02\/TIMJ-1920X1080px-300x169.jpg 300w, https:\/\/larock.com.es\/site\/wp-content\/uploads\/2022\/02\/TIMJ-1920X1080px-1024x576.jpg 1024w, https:\/\/larock.com.es\/site\/wp-content\/uploads\/2022\/02\/TIMJ-1920X1080px-768x432.jpg 768w, https:\/\/larock.com.es\/site\/wp-content\/uploads\/2022\/02\/TIMJ-1920X1080px-1536x864.jpg 1536w, https:\/\/larock.com.es\/site\/wp-content\/uploads\/2022\/02\/TIMJ-1920X1080px-960x540.jpg 960w, https:\/\/larock.com.es\/site\/wp-content\/uploads\/2022\/02\/TIMJ-1920X1080px-620x349.jpg 620w, https:\/\/larock.com.es\/site\/wp-content\/uploads\/2022\/02\/TIMJ-1920X1080px-400x225.jpg 400w, https:\/\/larock.com.es\/site\/wp-content\/uploads\/2022\/02\/TIMJ-1920X1080px.jpg 1920w\" sizes=\"auto, (max-width: 838px) 100vw, 838px\" \/><\/p>\n<p style=\"text-align: justify;\">El <strong>1 de septiembre de 2022<\/strong> el WiZink Center acoger\u00e1 el espect\u00e1culo internacional que ha conquistado el mundo, el mayor show sobre <strong>Michael Jackson<\/strong>. Una selecci\u00f3n internacional de bailarines, cantantes y m\u00fasicos, con un montaje escenogr\u00e1fico impactante para revivir al rey del pop en <strong>This is Michael<\/strong>.<\/p>\n<p style=\"text-align: justify;\"><strong>Lenny Jay<\/strong> protagoniza este proyecto despu\u00e9s de haber transitado varias temporadas en el exitoso musical europeo sobre el rey del pop, donde recibi\u00f3 halagos de la propia <strong>familia Jackson<\/strong>. Su incre\u00edble parecido, f\u00edsico y vocal, convierten a This Is Michael en una experiencia \u00fanica, que permite emocionarnos y vibrar recordando al eterno MJ. Un impresionante elenco internacional de bailarines, cantantes y m\u00fasicos para un espect\u00e1culo de m\u00e1s de 2 horas con<br \/>\nlos temas m\u00e1s emblem\u00e1ticos de Michael Jackson para hacer honores al <strong>artista m\u00e1s exitoso de todos los tiempos<\/strong>.<\/p>\n<p style=\"text-align: justify;\"><strong>This is Michael<\/strong>, en plena gira internacional, recala en Espa\u00f1a y nos devuelve la oportunidad de vivenciar la gira musical y de vibrar con el \u00abmayor concierto que nunca sucedi\u00f3\u00bb, hasta ahora.<\/p>\n<p style=\"text-align: justify;\"><a href=\"https:\/\/www.elcorteingles.es\/entradas\/conciertos\/entradas-this-is-michael-madrid\"><strong>ENTRADAS DISPONIBLES EL 10 DE FEBRERO EN LOS CANALES DE VENTA DE ENTRADAS DE EL CORTE INGL\u00c9S Y WIZINK CENTER<\/strong><\/a><\/p>\n","protected":false},"excerpt":{"rendered":"<p>El 1 de septiembre de 2022 el WiZink Center acoger\u00e1 el espect\u00e1culo internacional que ha conquistado el mundo, el mayor show sobre Michael Jackson. Una selecci\u00f3n internacional de bailarines, cantantes y m\u00fasicos, con un montaje escenogr\u00e1fico impactante para revivir al rey del pop en This is Michael. Lenny Jay protagoniza este proyecto despu\u00e9s de haber [&hellip;]<\/p>\n","protected":false},"author":2,"featured_media":3591,"comment_status":"closed","ping_status":"open","sticky":false,"template":"","format":"standard","meta":{"footnotes":""},"categories":[26,27],"tags":[43,42,157,154,155],"class_list":["post-3477","post","type-post","status-publish","format-standard","has-post-thumbnail","hentry","category-espectaculos","category-noticias","tag-l-a-rock","tag-l-a-rock-entertainment","tag-lenny-jay","tag-michael-jackson","tag-this-is-michael"],"_links":{"self":[{"href":"https:\/\/larock.com.es\/site\/wp-json\/wp\/v2\/posts\/3477","targetHints":{"allow":["GET"]}}],"collection":[{"href":"https:\/\/larock.com.es\/site\/wp-json\/wp\/v2\/posts"}],"about":[{"href":"https:\/\/larock.com.es\/site\/wp-json\/wp\/v2\/types\/post"}],"author":[{"embeddable":true,"href":"https:\/\/larock.com.es\/site\/wp-json\/wp\/v2\/users\/2"}],"replies":[{"embeddable":true,"href":"https:\/\/larock.com.es\/site\/wp-json\/wp\/v2\/comments?post=3477"}],"version-history":[{"count":5,"href":"https:\/\/larock.com.es\/site\/wp-json\/wp\/v2\/posts\/3477\/revisions"}],"predecessor-version":[{"id":3592,"href":"https:\/\/larock.com.es\/site\/wp-json\/wp\/v2\/posts\/3477\/revisions\/3592"}],"wp:featuredmedia":[{"embeddable":true,"href":"https:\/\/larock.com.es\/site\/wp-json\/wp\/v2\/media\/3591"}],"wp:attachment":[{"href":"https:\/\/larock.com.es\/site\/wp-json\/wp\/v2\/media?parent=3477"}],"wp:term":[{"taxonomy":"category","embeddable":true,"href":"https:\/\/larock.com.es\/site\/wp-json\/wp\/v2\/categories?post=3477"},{"taxonomy":"post_tag","embeddable":true,"href":"https:\/\/larock.com.es\/site\/wp-json\/wp\/v2\/tags?post=3477"}],"curies":[{"name":"wp","href":"https:\/\/api.w.org\/{rel}","templated":true}]}}