{"id":3466,"date":"2022-01-11T16:40:49","date_gmt":"2022-01-11T16:40:49","guid":{"rendered":"http:\/\/larock.com.es\/site\/?p=3466"},"modified":"2022-02-14T14:56:39","modified_gmt":"2022-02-14T14:56:39","slug":"aplazadas-las-fechas-de-enero-de-el-show-de-coco-y-pepe-en-madrid-a-marzo","status":"publish","type":"post","link":"https:\/\/larock.com.es\/site\/2022\/01\/11\/aplazadas-las-fechas-de-enero-de-el-show-de-coco-y-pepe-en-madrid-a-marzo\/","title":{"rendered":"APLAZADAS LAS FECHAS DE ENERO DE \u00abEL SHOW DE COCO Y PEPE\u00bb EN MADRID A MARZO"},"content":{"rendered":"<h1>COMUNICADO<\/h1>\n<p style=\"text-align: justify;\">Estimado cliente:<\/p>\n<p style=\"text-align: justify;\">Le informamos que, por motivos derivados de la situaci\u00f3n actual, el espect\u00e1culo \u201c<strong>El show de Coco y Pepe<\/strong>\u201d aplaza las siguientes funciones de <strong>Enero<\/strong> programadas en el <strong>Gran Teatro CaixaBank Pr\u00edncipe P\u00edo<\/strong>.<\/p>\n<ul style=\"text-align: justify;\">\n<li>\n<h4><strong>Funci\u00f3n del 16 de enero: nueva fecha 5 de marzo.<\/strong><\/h4>\n<\/li>\n<li>\n<h4><strong>Funci\u00f3n del 23 de enero: nueva fecha 13 de marzo.<\/strong><\/h4>\n<\/li>\n<li>\n<h4><strong>Funci\u00f3n del 30 de enero: nueva fecha 19 de marzo.<\/strong><\/h4>\n<\/li>\n<\/ul>\n<p style=\"text-align: justify;\">Se mantiene el horario de todas las funciones a las 12:00 Horas.<\/p>\n<p style=\"text-align: justify;\">Las entradas que tiene en este momento, ser\u00e1n v\u00e1lidas en la nueva fecha sin necesidad de realizar ninguna gesti\u00f3n. Si por alguna raz\u00f3n no puede acudir a la nueva fecha, deber\u00e1 solicitar la devoluci\u00f3n del importe de las entradas al canal de venta donde fueron adquiridas en un plazo m\u00e1ximo de 15 d\u00edas naturales. Finalizado este periodo no se admitir\u00e1n devoluciones.<\/p>\n<p style=\"text-align: justify;\">Agradecemos enormemente vuestra comprensi\u00f3n.<\/p>\n<p style=\"text-align: justify;\">Conservando tu entrada, estar\u00e1s apoyando a la Cultura.<\/p>\n<p style=\"text-align: justify;\"><strong>#CulturaSegura<\/strong><\/p>\n","protected":false},"excerpt":{"rendered":"<p>COMUNICADO Estimado cliente: Le informamos que, por motivos derivados de la situaci\u00f3n actual, el espect\u00e1culo \u201cEl show de Coco y Pepe\u201d aplaza las siguientes funciones de Enero programadas en el Gran Teatro CaixaBank Pr\u00edncipe P\u00edo. Funci\u00f3n del 16 de enero: nueva fecha 5 de marzo. Funci\u00f3n del 23 de enero: nueva fecha 13 de marzo. [&hellip;]<\/p>\n","protected":false},"author":2,"featured_media":3467,"comment_status":"closed","ping_status":"open","sticky":false,"template":"","format":"standard","meta":{"footnotes":""},"categories":[26,27],"tags":[49,131,43,42],"class_list":["post-3466","post","type-post","status-publish","format-standard","has-post-thumbnail","hentry","category-espectaculos","category-noticias","tag-cantajuego","tag-el-show-de-coco-y-pepe","tag-l-a-rock","tag-l-a-rock-entertainment"],"_links":{"self":[{"href":"https:\/\/larock.com.es\/site\/wp-json\/wp\/v2\/posts\/3466","targetHints":{"allow":["GET"]}}],"collection":[{"href":"https:\/\/larock.com.es\/site\/wp-json\/wp\/v2\/posts"}],"about":[{"href":"https:\/\/larock.com.es\/site\/wp-json\/wp\/v2\/types\/post"}],"author":[{"embeddable":true,"href":"https:\/\/larock.com.es\/site\/wp-json\/wp\/v2\/users\/2"}],"replies":[{"embeddable":true,"href":"https:\/\/larock.com.es\/site\/wp-json\/wp\/v2\/comments?post=3466"}],"version-history":[{"count":4,"href":"https:\/\/larock.com.es\/site\/wp-json\/wp\/v2\/posts\/3466\/revisions"}],"predecessor-version":[{"id":3535,"href":"https:\/\/larock.com.es\/site\/wp-json\/wp\/v2\/posts\/3466\/revisions\/3535"}],"wp:featuredmedia":[{"embeddable":true,"href":"https:\/\/larock.com.es\/site\/wp-json\/wp\/v2\/media\/3467"}],"wp:attachment":[{"href":"https:\/\/larock.com.es\/site\/wp-json\/wp\/v2\/media?parent=3466"}],"wp:term":[{"taxonomy":"category","embeddable":true,"href":"https:\/\/larock.com.es\/site\/wp-json\/wp\/v2\/categories?post=3466"},{"taxonomy":"post_tag","embeddable":true,"href":"https:\/\/larock.com.es\/site\/wp-json\/wp\/v2\/tags?post=3466"}],"curies":[{"name":"wp","href":"https:\/\/api.w.org\/{rel}","templated":true}]}}