{"id":3399,"date":"2022-01-10T13:01:03","date_gmt":"2022-01-10T13:01:03","guid":{"rendered":"http:\/\/larock.com.es\/site\/?p=3399"},"modified":"2022-02-14T14:56:55","modified_gmt":"2022-02-14T14:56:55","slug":"la-gira-de-cantajuego-te-extiendo-mi-mano-llega-a-su-fin","status":"publish","type":"post","link":"https:\/\/larock.com.es\/site\/2022\/01\/10\/la-gira-de-cantajuego-te-extiendo-mi-mano-llega-a-su-fin\/","title":{"rendered":"LA GIRA DE CANTAJUEGO \u00abTE EXTIENDO MI MANO\u00bb LLEGA A SU FIN"},"content":{"rendered":"<h1>COMUNICADO<\/h1>\n<p><img loading=\"lazy\" decoding=\"async\" class=\"aligncenter wp-image-3402 size-full\" src=\"http:\/\/larock.com.es\/site\/wp-content\/uploads\/2022\/01\/te-extiendo-mi-mano1920x1080.jpg\" alt=\"\" width=\"1920\" height=\"1080\" srcset=\"https:\/\/larock.com.es\/site\/wp-content\/uploads\/2022\/01\/te-extiendo-mi-mano1920x1080.jpg 1920w, https:\/\/larock.com.es\/site\/wp-content\/uploads\/2022\/01\/te-extiendo-mi-mano1920x1080-300x169.jpg 300w, https:\/\/larock.com.es\/site\/wp-content\/uploads\/2022\/01\/te-extiendo-mi-mano1920x1080-1024x576.jpg 1024w, https:\/\/larock.com.es\/site\/wp-content\/uploads\/2022\/01\/te-extiendo-mi-mano1920x1080-768x432.jpg 768w, https:\/\/larock.com.es\/site\/wp-content\/uploads\/2022\/01\/te-extiendo-mi-mano1920x1080-1536x864.jpg 1536w\" sizes=\"auto, (max-width: 1920px) 100vw, 1920px\" \/><\/p>\n<p style=\"text-align: justify;\">Queridos Amig@s,<\/p>\n<p style=\"text-align: justify;\">Hemos llegado al final de \u201cTe Extiendo Mi Mano\u201d, la gira m\u00e1s intensa y al mismo tiempo m\u00e1s emotiva de nuestra carrera.<\/p>\n<p style=\"text-align: justify;\">S\u00f3lo podemos sentirnos agradecidos por tant\u00edsimo cari\u00f1o recibido y por haberos sentido m\u00e1s cerca que nunca a pesar de las distancias. Muchas gracias familias, por haberos y habernos cuidado, por vuestra resiliencia y por hacer de cada funci\u00f3n #CulturaSegura y con futuro.<\/p>\n<p style=\"text-align: justify;\">Queremos agradecer tambi\u00e9n el apoyo de promotores e instituciones, que han confiado en CantaJuego, y a las empresas que est\u00e1n detr\u00e1s de todo este proyecto, porque la suma de su esfuerzo ha sido fundamental para poder reencontrarnos.<\/p>\n<p style=\"text-align: justify;\">Recordaremos siempre esas sonrisas que han brillado en los ojos de l@s ni\u00f1@s en tant\u00edsimos lugares, porque no hay mayor satisfacci\u00f3n para CantaJuego que vuestra alegr\u00eda. \u00a0Ahora, a preparar nuestro nuevo espect\u00e1culo, que estar\u00e1 lleno de sorpresas, canciones y diversi\u00f3n, y que llegar\u00e1 muy pronto con lo mejor de \u00a0CantaJuego.<\/p>\n<p>\u00a1Gracias por tanto!<\/p>\n<div class=\"gca-column one-third first\"><p><strong>V\u00cdCAR<\/strong><\/p>\n<p><strong>CIEZA<\/strong><\/p>\n<p><strong>\u00c1GUILAS<\/strong><\/p>\n<p><strong>MADRID<\/strong><\/p>\n<p><strong>ALICANTE<\/strong><\/p>\n<p><strong>BENIDORM<\/strong><\/p>\n<p><strong>IBIZA<\/strong><\/p>\n<p><strong>TORREJ\u00d3N DE ARDOZ<\/strong><\/p>\n<p><strong>MAIRENA<\/strong><\/p>\n<p><strong>IBI<\/strong><\/p>\n<p><strong>X\u00c1TIVA<\/strong><\/p>\n<p><strong>VILADECANS<\/strong><\/p>\n<p><strong>SANT CUGAT<\/strong><\/p>\n<p><strong>BIN\u00c9FAR<\/strong><\/p>\n<p><strong>SANT JOAN DE MOR\u00d3<\/strong><\/p>\n<p><strong>ORIHUELA<\/strong><\/p>\n<p><strong>PALENCIA<\/strong><\/p>\n<p><strong>PALMA DE MALLORCA<\/strong><\/p>\n<p><strong>MURCIA<\/strong><\/p>\n<p><strong>FUENLABRADA<\/strong><\/p>\n<p><strong>ALCALA DE HENARES<\/strong><\/p><\/div><div class=\"gca-column one-third\"><p><strong>HARO<\/strong><\/p>\n<p><strong>GUIJUELO<\/strong><\/p>\n<p><strong>HERRERA DEL DUQUE<\/strong><\/p>\n<p><strong>CARTAGENA<\/strong><\/p>\n<p><strong>CIENTRU\u00c9NIGO<\/strong><\/p>\n<p><strong>ROQUETAS DE MAR<\/strong><\/p>\n<p><strong>COLMENAR VIEJO<\/strong><\/p>\n<p><strong>SANL\u00daCAR DE BARRAMENDA<\/strong><\/p>\n<p><strong>LAS MESAS<\/strong><\/p>\n<p><strong>TRILLO<\/strong><\/p>\n<p><strong>MELILLA<\/strong><\/p>\n<p><strong>AND\u00daJAR<\/strong><\/p>\n<p><strong>VITORIA<\/strong><\/p>\n<p><strong>ALDEA MAYOR DE SAN MART\u00cdN<\/strong><\/p>\n<p><strong>ILLESCAS<\/strong><\/p>\n<p><strong>ALCAL\u00c1 DE GUADA\u00cdRA<\/strong><\/p>\n<p><strong>ALCORC\u00d3N<\/strong><\/p>\n<p><strong>LEGAN\u00c9S<\/strong><\/p>\n<p><strong>EL EJIDO<\/strong><\/p>\n<p><strong>JEREZ DE LA FRONTERA<\/strong><\/p>\n<p><strong>LE\u00d3N<\/strong><\/p><\/div><div class=\"gca-column one-third\"><p><strong>GIJ\u00d3N<\/strong><\/p>\n<p><strong>ELCHE<\/strong><\/p>\n<p><strong>BADAJOZ<\/strong><\/p>\n<p><strong>C\u00c1CERES<\/strong><\/p>\n<p><strong>TOLEDO<\/strong><\/p>\n<p><strong>ALBACETE<\/strong><\/p>\n<p><strong>VALENCIA<\/strong><\/p>\n<p><strong>VALLADOLID<\/strong><\/p>\n<p><strong>BILBAO<\/strong><\/p>\n<p><strong>PAMPLONA<\/strong><\/p>\n<p><strong>MOG\u00c1N<\/strong><\/p>\n<p><strong>SANTANDER<\/strong><\/p>\n<p><strong>BARCELONA<\/strong><\/p>\n<p><strong>BOADILLA DEL MONTE<\/strong><\/p>\n<p><strong>ZARAGOZA<\/strong><\/p>\n<p><strong>LOGRO\u00d1O<\/strong><\/p>\n<p><strong>GRANADA<\/strong><\/p>\n<p><strong>SEVILLA<\/strong><\/p>\n<p><strong>M\u00c1LAGA<\/strong><\/p>\n<p><strong>ALMANSA<\/strong><\/p>\n<p><strong>OULULA DEL R\u00cdO<\/strong><\/p><\/div>\n\n\n<figure class=\"wp-block-image size-large\"><img loading=\"lazy\" decoding=\"async\" width=\"1024\" height=\"576\" src=\"http:\/\/larock.com.es\/site\/wp-content\/uploads\/2022\/01\/te-extiendo-mi-mano-1-1920x1080-1-1024x576.jpg\" alt=\"\" class=\"wp-image-3401\" srcset=\"https:\/\/larock.com.es\/site\/wp-content\/uploads\/2022\/01\/te-extiendo-mi-mano-1-1920x1080-1-1024x576.jpg 1024w, https:\/\/larock.com.es\/site\/wp-content\/uploads\/2022\/01\/te-extiendo-mi-mano-1-1920x1080-1-300x169.jpg 300w, https:\/\/larock.com.es\/site\/wp-content\/uploads\/2022\/01\/te-extiendo-mi-mano-1-1920x1080-1-768x432.jpg 768w, https:\/\/larock.com.es\/site\/wp-content\/uploads\/2022\/01\/te-extiendo-mi-mano-1-1920x1080-1-1536x864.jpg 1536w, https:\/\/larock.com.es\/site\/wp-content\/uploads\/2022\/01\/te-extiendo-mi-mano-1-1920x1080-1.jpg 1920w\" sizes=\"auto, (max-width: 1024px) 100vw, 1024px\" \/><\/figure>\n","protected":false},"excerpt":{"rendered":"<p>COMUNICADO Queridos Amig@s, Hemos llegado al final de \u201cTe Extiendo Mi Mano\u201d, la gira m\u00e1s intensa y al mismo tiempo m\u00e1s emotiva de nuestra carrera. S\u00f3lo podemos sentirnos agradecidos por tant\u00edsimo cari\u00f1o recibido y por haberos sentido m\u00e1s cerca que nunca a pesar de las distancias. Muchas gracias familias, por haberos y habernos cuidado, por [&hellip;]<\/p>\n","protected":false},"author":2,"featured_media":3302,"comment_status":"closed","ping_status":"open","sticky":false,"template":"","format":"standard","meta":{"footnotes":""},"categories":[26,27],"tags":[49,43,42,121],"class_list":["post-3399","post","type-post","status-publish","format-standard","has-post-thumbnail","hentry","category-espectaculos","category-noticias","tag-cantajuego","tag-l-a-rock","tag-l-a-rock-entertainment","tag-te-extiendo-mi-mano"],"_links":{"self":[{"href":"https:\/\/larock.com.es\/site\/wp-json\/wp\/v2\/posts\/3399","targetHints":{"allow":["GET"]}}],"collection":[{"href":"https:\/\/larock.com.es\/site\/wp-json\/wp\/v2\/posts"}],"about":[{"href":"https:\/\/larock.com.es\/site\/wp-json\/wp\/v2\/types\/post"}],"author":[{"embeddable":true,"href":"https:\/\/larock.com.es\/site\/wp-json\/wp\/v2\/users\/2"}],"replies":[{"embeddable":true,"href":"https:\/\/larock.com.es\/site\/wp-json\/wp\/v2\/comments?post=3399"}],"version-history":[{"count":5,"href":"https:\/\/larock.com.es\/site\/wp-json\/wp\/v2\/posts\/3399\/revisions"}],"predecessor-version":[{"id":3537,"href":"https:\/\/larock.com.es\/site\/wp-json\/wp\/v2\/posts\/3399\/revisions\/3537"}],"wp:featuredmedia":[{"embeddable":true,"href":"https:\/\/larock.com.es\/site\/wp-json\/wp\/v2\/media\/3302"}],"wp:attachment":[{"href":"https:\/\/larock.com.es\/site\/wp-json\/wp\/v2\/media?parent=3399"}],"wp:term":[{"taxonomy":"category","embeddable":true,"href":"https:\/\/larock.com.es\/site\/wp-json\/wp\/v2\/categories?post=3399"},{"taxonomy":"post_tag","embeddable":true,"href":"https:\/\/larock.com.es\/site\/wp-json\/wp\/v2\/tags?post=3399"}],"curies":[{"name":"wp","href":"https:\/\/api.w.org\/{rel}","templated":true}]}}