{"id":3250,"date":"2022-01-05T11:48:08","date_gmt":"2022-01-05T11:48:08","guid":{"rendered":"http:\/\/larock.com.es\/site\/?p=3250"},"modified":"2022-02-14T14:57:05","modified_gmt":"2022-02-14T14:57:05","slug":"aplazado-el-concierto-de-cantajuego-el-circo-del-payaso-tallarin-de-atarfe-del-8-de-enero-al-19-de-febrero-de-2022","status":"publish","type":"post","link":"https:\/\/larock.com.es\/site\/2022\/01\/05\/aplazado-el-concierto-de-cantajuego-el-circo-del-payaso-tallarin-de-atarfe-del-8-de-enero-al-19-de-febrero-de-2022\/","title":{"rendered":"APLAZADO EL CONCIERTO DE \u00abCANTAJUEGO: EL CIRCO DEL PAYASO TALLAR\u00cdN\u00bb DE ATARFE, DEL 8 DE ENERO AL 19 DE FEBRERO DE 2022"},"content":{"rendered":"<h1>COMUNICADO<\/h1>\n<p style=\"text-align: justify;\">Geventos Murcia comunica:<\/p>\n<p style=\"text-align: justify;\">Desde la oficina de Geventos Murcia tenemos que anunciar que el evento de \u201c<strong>Cantajuego, El Circo del Payaso Tallar\u00edn<\/strong>\u201d en <strong>Atarfe<\/strong>, (Granada) el d\u00eda <strong>8 de enero<\/strong>, <strong>ha sido aplazado por motivos <\/strong><strong>del Covid-19<\/strong>. Sinti\u00e9ndolo mucho y viviendo la actual ola de Covid-19 nos vemos en la obligaci\u00f3n de aplazar dicho concierto. Esta noticia nos afecta mucho, pero con los cambios actuales nos hemos visto en la condici\u00f3n de cambiar de fecha dicho evento.<\/p>\n<p style=\"text-align: justify;\">El pr\u00f3ximo <strong>19 de febrero en el Auditorio Medina Elvira de Atarfe a las 17:00h, las entradas ya obtenidas ser\u00e1n v\u00e1lidas<\/strong>, las personas que no puedan asistir y quieran devolver sus entradas tendr\u00e1n que comunicarlo a este correo: <strong>info@ayudaeventos.com<\/strong> ten\u00e9is hasta el d\u00eda 1de febrero para devolverlas.<\/p>\n<p style=\"text-align: justify;\">Sentimos mucho comunicar esta noticia, pero nos es algo que hayamos elegido nosotros, esperamos vuestra comprensi\u00f3n y pediros disculpas por las molestias causadas.<\/p>\n<p style=\"text-align: justify;\">Cualquier duda ponte en contacto con nosotros.<\/p>\n<p style=\"text-align: justify;\">Un saludo.<\/p>\n","protected":false},"excerpt":{"rendered":"<p>COMUNICADO Geventos Murcia comunica: Desde la oficina de Geventos Murcia tenemos que anunciar que el evento de \u201cCantajuego, El Circo del Payaso Tallar\u00edn\u201d en Atarfe, (Granada) el d\u00eda 8 de enero, ha sido aplazado por motivos del Covid-19. Sinti\u00e9ndolo mucho y viviendo la actual ola de Covid-19 nos vemos en la obligaci\u00f3n de aplazar dicho [&hellip;]<\/p>\n","protected":false},"author":2,"featured_media":3253,"comment_status":"closed","ping_status":"open","sticky":false,"template":"","format":"standard","meta":{"footnotes":""},"categories":[26,27],"tags":[49,153,43,42],"class_list":["post-3250","post","type-post","status-publish","format-standard","has-post-thumbnail","hentry","category-espectaculos","category-noticias","tag-cantajuego","tag-el-circo-del-payaso-tallarin","tag-l-a-rock","tag-l-a-rock-entertainment"],"_links":{"self":[{"href":"https:\/\/larock.com.es\/site\/wp-json\/wp\/v2\/posts\/3250","targetHints":{"allow":["GET"]}}],"collection":[{"href":"https:\/\/larock.com.es\/site\/wp-json\/wp\/v2\/posts"}],"about":[{"href":"https:\/\/larock.com.es\/site\/wp-json\/wp\/v2\/types\/post"}],"author":[{"embeddable":true,"href":"https:\/\/larock.com.es\/site\/wp-json\/wp\/v2\/users\/2"}],"replies":[{"embeddable":true,"href":"https:\/\/larock.com.es\/site\/wp-json\/wp\/v2\/comments?post=3250"}],"version-history":[{"count":5,"href":"https:\/\/larock.com.es\/site\/wp-json\/wp\/v2\/posts\/3250\/revisions"}],"predecessor-version":[{"id":3539,"href":"https:\/\/larock.com.es\/site\/wp-json\/wp\/v2\/posts\/3250\/revisions\/3539"}],"wp:featuredmedia":[{"embeddable":true,"href":"https:\/\/larock.com.es\/site\/wp-json\/wp\/v2\/media\/3253"}],"wp:attachment":[{"href":"https:\/\/larock.com.es\/site\/wp-json\/wp\/v2\/media?parent=3250"}],"wp:term":[{"taxonomy":"category","embeddable":true,"href":"https:\/\/larock.com.es\/site\/wp-json\/wp\/v2\/categories?post=3250"},{"taxonomy":"post_tag","embeddable":true,"href":"https:\/\/larock.com.es\/site\/wp-json\/wp\/v2\/tags?post=3250"}],"curies":[{"name":"wp","href":"https:\/\/api.w.org\/{rel}","templated":true}]}}