{"id":3062,"date":"2021-10-01T13:18:27","date_gmt":"2021-10-01T13:18:27","guid":{"rendered":"http:\/\/larock.com.es\/site\/?p=3062"},"modified":"2022-02-14T15:09:15","modified_gmt":"2022-02-14T15:09:15","slug":"the-divine-comedy-actuara-el-proximo-9-de-marzo-en-madrid","status":"publish","type":"post","link":"https:\/\/larock.com.es\/site\/2021\/10\/01\/the-divine-comedy-actuara-el-proximo-9-de-marzo-en-madrid\/","title":{"rendered":"THE DIVINE COMEDY ACTUAR\u00c1 EL PR\u00d3XIMO 9 DE MARZO EN MADRID"},"content":{"rendered":"\n<p style=\"text-align: justify;\">Habiendo completado su tercera d\u00e9cada como artista discogr\u00e1fico, <strong>The Divine Comedy<\/strong>, alias <strong>Neil Hannon<\/strong>, anuncian la salida de <strong>Charmed Life &#8211; The Best Of The Divine Comedy<\/strong> &#8211; una colecci\u00f3n de sus mejores momentos, que ver\u00e1 la luz el 4 de febrero de 2022 y que se presentar\u00e1 en Madrid el Pr\u00f3ximo 9 de Marzo.<\/p>\n<p style=\"text-align: justify;\"> <\/p>\n<p style=\"text-align: justify;\">Una lista de 24 temas que abarca toda la carrera de singles exitosos y favoritos de los fans, compilada por Neil y remasterizada en Abbey Road Studios, Charmed Life incluye temas monumentales &#8216;\u00bbNational Express&#8217;, \u00bb&#8217;Something For The Weekend&#8217;, \u00bbSongs of Love&#8217;, &#8216;Our Mutual Friend&#8217;, \u00bbA Lady of A Certain Age&#8217;, &#8216;Al rescate&#8217; y \u00bbNorman y Norma&#8217;. Tambi\u00e9n cuenta con la nueva pista &#8216;The Best Mistakes&#8217;.<\/p>\n<p style=\"text-align: justify;\"> <\/p>\n<p style=\"text-align: justify;\">\u00abHe tenido m\u00e1s suerte que la mayor\u00eda\u00bb, reflexion\u00f3 Neil Hannon. \u00abPuedo cantar canciones para ganarme la vida y casi siempre aplauden. As\u00ed que cuando me preguntaron c\u00f3mo llamar a esta colecci\u00f3n pens\u00e9 en Charmed Life. Me gusta la\ncanci\u00f3n y m\u00e1s bien resume c\u00f3mo me siento sobre mi vida\u00bb<\/p>\n<p style=\"text-align: justify;\"> <\/p>\n<p style=\"text-align: justify;\">The Best Of llegar\u00e1 como un 2CD est\u00e1ndar de 24 pistas; vinilo negro de doble peso pesado en una funda plegable; edici\u00f3n limitada de vinilo de doble peso pesado en una funda plegable; y como una edici\u00f3n limitada de 3CD edici\u00f3n que contiene la 24 pista Best Of, as\u00ed como \u00abS\u00faper Extra Bonus \u00c1lbum\u00bb &#8211; una colecci\u00f3n de grabaciones nuevas y\nin\u00e9ditas.<\/p>\n<p style=\"text-align: justify;\"> <\/p>\n<p style=\"text-align: justify;\">Discutiendo el \u00e1lbum extra, Neil contin\u00faa: \u00abFue maravilloso celebrar treinta a\u00f1os de The Divine Comedy. No puedo darte una visi\u00f3n general de estas canciones. Son un mont\u00f3n de locuras mezcladas. Algunas son extra\u00f1amente estacionales, otras se relacionan con lo que todos hemos estado pasando recientemente, algunos son s\u00f3lo locuras sin m\u00e1s.\u00bb<\/p>\n<p style=\"text-align: justify;\"> <\/p>\n<p style=\"text-align: justify;\">En 1990 se hizo historia musical cuando Neil Hannon, de 20 a\u00f1os, firm\u00f3 su primer contrato discogr\u00e1fico y comenz\u00f3 a lanzar un \u00e1lbum glorioso tras otro bajo el nombre de The Divine Comedy. Doce magn\u00edficos \u00e1lbumes y cientos de espect\u00e1culos m\u00e1s tarde, Neil Hannon es ahora, sin duda, un tesoro nacional y uno de los mejores cantautores de su\ngeneraci\u00f3n.<\/p>\n<p style=\"text-align: justify;\"> <\/p>\n<p style=\"text-align: justify;\"><strong>The Divine Comedy estar\u00e1 de gira internacional a partir de marzo de 2022, incluyendo un espect\u00e1culo en Madrid, que tendr\u00e1 lugar en el Teatro Apolo el 9 de Marzo de 2022.<\/strong><\/p>\n<p style=\"text-align: justify;\"> <\/p>\n<p style=\"text-align: justify;\">Neil dice: \u00abEstoy deseando volver a jugar en vivo. Los \u00faltimos a\u00f1os han sido un recordatorio de lo mucho que significa para m\u00ed personalmente. Es lo que m\u00e1s me gusta. Y parece apropiado que volvamos con un set de grandes \u00e9xitos. Ya sabes, en caso de que todo el mundo ha olvidado qui\u00e9n soy y lo que hacemos!\u00bb<\/p>\n<p style=\"text-align: justify;\"> <\/p>\n<p style=\"text-align: justify;\"><strong>Entradas a la venta a las 10h el viernes 8 de Octubre. www.thedivinecomedy.com<\/strong><\/p>\n","protected":false},"excerpt":{"rendered":"<p>Habiendo completado su tercera d\u00e9cada como artista discogr\u00e1fico, The Divine Comedy, alias Neil Hannon, anuncian la salida de Charmed Life &#8211; The Best Of The Divine Comedy &#8211; una colecci\u00f3n de sus mejores momentos, que ver\u00e1 la luz el 4 de febrero de 2022 y que se presentar\u00e1 en Madrid el Pr\u00f3ximo 9 de Marzo. [&hellip;]<\/p>\n","protected":false},"author":2,"featured_media":3268,"comment_status":"closed","ping_status":"open","sticky":false,"template":"","format":"standard","meta":{"footnotes":""},"categories":[24,27],"tags":[151,43,42,150,149],"class_list":["post-3062","post","type-post","status-publish","format-standard","has-post-thumbnail","hentry","category-conciertos1","category-noticias","tag-charmed-life","tag-l-a-rock","tag-l-a-rock-entertainment","tag-neil-hannon","tag-the-divine-comedy"],"_links":{"self":[{"href":"https:\/\/larock.com.es\/site\/wp-json\/wp\/v2\/posts\/3062","targetHints":{"allow":["GET"]}}],"collection":[{"href":"https:\/\/larock.com.es\/site\/wp-json\/wp\/v2\/posts"}],"about":[{"href":"https:\/\/larock.com.es\/site\/wp-json\/wp\/v2\/types\/post"}],"author":[{"embeddable":true,"href":"https:\/\/larock.com.es\/site\/wp-json\/wp\/v2\/users\/2"}],"replies":[{"embeddable":true,"href":"https:\/\/larock.com.es\/site\/wp-json\/wp\/v2\/comments?post=3062"}],"version-history":[{"count":5,"href":"https:\/\/larock.com.es\/site\/wp-json\/wp\/v2\/posts\/3062\/revisions"}],"predecessor-version":[{"id":3561,"href":"https:\/\/larock.com.es\/site\/wp-json\/wp\/v2\/posts\/3062\/revisions\/3561"}],"wp:featuredmedia":[{"embeddable":true,"href":"https:\/\/larock.com.es\/site\/wp-json\/wp\/v2\/media\/3268"}],"wp:attachment":[{"href":"https:\/\/larock.com.es\/site\/wp-json\/wp\/v2\/media?parent=3062"}],"wp:term":[{"taxonomy":"category","embeddable":true,"href":"https:\/\/larock.com.es\/site\/wp-json\/wp\/v2\/categories?post=3062"},{"taxonomy":"post_tag","embeddable":true,"href":"https:\/\/larock.com.es\/site\/wp-json\/wp\/v2\/tags?post=3062"}],"curies":[{"name":"wp","href":"https:\/\/api.w.org\/{rel}","templated":true}]}}