{"id":3057,"date":"2021-11-24T13:11:53","date_gmt":"2021-11-24T13:11:53","guid":{"rendered":"http:\/\/larock.com.es\/site\/?p=3057"},"modified":"2022-02-14T15:02:57","modified_gmt":"2022-02-14T15:02:57","slug":"medina-azahara-presenta-el-13-de-marzo-en-madrid-su-nuevo-trabajo-llego-el-dia","status":"publish","type":"post","link":"https:\/\/larock.com.es\/site\/2021\/11\/24\/medina-azahara-presenta-el-13-de-marzo-en-madrid-su-nuevo-trabajo-llego-el-dia\/","title":{"rendered":"MEDINA AZAHARA PRESENTA EL 13 DE MARZO EN MADRID SU NUEVO TRABAJO \u00abLLEG\u00d3 EL D\u00cdA\u00bb"},"content":{"rendered":"\n<p style=\"text-align: justify;\"><strong>Medina Azahara<\/strong> regresa a los escenarios en 2022 para presentar en directo su nuevo \u00e1lbum de estudio \u00ab<strong>Lleg\u00f3 El D\u00eda<\/strong>\u00ab. El 13 de marzo, la cita ser\u00e1 en el WiZink Center de Madrid. La mejor vanda de rock andaluz interpreta las grandes canciones de Triana.<\/p>\n<p style=\"text-align: justify;\"> <\/p>\n<p style=\"text-align: justify;\">Medina Azahara, grupo formado por Manuel Mart\u00ednez (voz), Paco Ventura (guitarra) y Manuel Iba\u00f1ez (teclados), presenta su gira Lleg\u00f3 El D\u00eda, con la que han querido revivir el alma y el esp\u00edritu del m\u00edtico tr\u00edo sevillano Triana, que marc\u00f3 un antes y un despu\u00e9s en la historia del rock espa\u00f1ol de los 80.<\/p>\n<p style=\"text-align: justify;\"> <\/p>\n<p style=\"text-align: justify;\">En palabras de Medina Azahara: \u00abEntrar en el coraz\u00f3n de Triana, buscar en las entra\u00f1as de sus pensamientos, viajar por cada nota musical&#8230; \u00a1Cada letra y melod\u00eda de voz! Sentir la sensaci\u00f3n de poder volar con ellos, asistir en pensamiento a cada composici\u00f3n, so\u00f1ar c\u00f3mo pudieron componer tanta belleza&#8230; Sencillamente es algo que no se puede explicar con palabras. Solo se hace con el coraz\u00f3n. \u00a1Queremos que su m\u00fasica y su legado siga vivo!\u00bb<\/p>\n<p style=\"text-align: justify;\"> <\/p>\n<p style=\"text-align: justify;\"><strong>Entradas a la venta desde el 25 de noviembre en El Corte Ingl\u00e9s.<\/strong><\/p>\n","protected":false},"excerpt":{"rendered":"<p>Medina Azahara regresa a los escenarios en 2022 para presentar en directo su nuevo \u00e1lbum de estudio \u00abLleg\u00f3 El D\u00eda\u00ab. El 13 de marzo, la cita ser\u00e1 en el WiZink Center de Madrid. La mejor vanda de rock andaluz interpreta las grandes canciones de Triana. Medina Azahara, grupo formado por Manuel Mart\u00ednez (voz), Paco Ventura [&hellip;]<\/p>\n","protected":false},"author":2,"featured_media":3261,"comment_status":"closed","ping_status":"open","sticky":false,"template":"","format":"standard","meta":{"footnotes":""},"categories":[24,27],"tags":[43,42,139,137],"class_list":["post-3057","post","type-post","status-publish","format-standard","has-post-thumbnail","hentry","category-conciertos1","category-noticias","tag-l-a-rock","tag-l-a-rock-entertainment","tag-llego-el-dia","tag-medina-azahara"],"_links":{"self":[{"href":"https:\/\/larock.com.es\/site\/wp-json\/wp\/v2\/posts\/3057","targetHints":{"allow":["GET"]}}],"collection":[{"href":"https:\/\/larock.com.es\/site\/wp-json\/wp\/v2\/posts"}],"about":[{"href":"https:\/\/larock.com.es\/site\/wp-json\/wp\/v2\/types\/post"}],"author":[{"embeddable":true,"href":"https:\/\/larock.com.es\/site\/wp-json\/wp\/v2\/users\/2"}],"replies":[{"embeddable":true,"href":"https:\/\/larock.com.es\/site\/wp-json\/wp\/v2\/comments?post=3057"}],"version-history":[{"count":5,"href":"https:\/\/larock.com.es\/site\/wp-json\/wp\/v2\/posts\/3057\/revisions"}],"predecessor-version":[{"id":3552,"href":"https:\/\/larock.com.es\/site\/wp-json\/wp\/v2\/posts\/3057\/revisions\/3552"}],"wp:featuredmedia":[{"embeddable":true,"href":"https:\/\/larock.com.es\/site\/wp-json\/wp\/v2\/media\/3261"}],"wp:attachment":[{"href":"https:\/\/larock.com.es\/site\/wp-json\/wp\/v2\/media?parent=3057"}],"wp:term":[{"taxonomy":"category","embeddable":true,"href":"https:\/\/larock.com.es\/site\/wp-json\/wp\/v2\/categories?post=3057"},{"taxonomy":"post_tag","embeddable":true,"href":"https:\/\/larock.com.es\/site\/wp-json\/wp\/v2\/tags?post=3057"}],"curies":[{"name":"wp","href":"https:\/\/api.w.org\/{rel}","templated":true}]}}