{"id":3053,"date":"2021-12-22T13:03:41","date_gmt":"2021-12-22T13:03:41","guid":{"rendered":"http:\/\/larock.com.es\/site\/?p=3053"},"modified":"2022-02-14T15:01:02","modified_gmt":"2022-02-14T15:01:02","slug":"aplazamiento-del-espectaculo-de-rock-en-familia-previsto-para-el-8-de-enero-de-2022","status":"publish","type":"post","link":"https:\/\/larock.com.es\/site\/2021\/12\/22\/aplazamiento-del-espectaculo-de-rock-en-familia-previsto-para-el-8-de-enero-de-2022\/","title":{"rendered":"APLAZAMIENTO DEL ESPECT\u00c1CULO DE ROCK EN FAMILIA PREVISTO PARA EL 8 DE ENERO DE 2022 EN BARCELONA"},"content":{"rendered":"\n<h2 class=\"wp-block-heading\">COMUNICADO<\/h2>\n \n<p style=\"text-align: justify;\">Estimado cliente,<\/p>\n<p style=\"text-align: justify;\"> <\/p>\n<p style=\"text-align: justify;\">Os informamos que, ante la actual situaci\u00f3n sanitaria y las nuevas restricciones propuestas por la Generalitat de Catalunya, nos vemos obligados a aplazar el espect\u00e1culo de Rock en Familia: \u00abEncuentro Anual para Familias Rockeras\u00bb que estaba previsto para el 8 de enero de 2022 en Barcelona, posponiendo la fecha al 19 de marzo de 2022 en el mismo horario y mismo recinto.<\/p>\n<p style=\"text-align: justify;\"> <\/p>\n<p style=\"text-align: justify;\"><strong>NUEVA FECHA: 19 DE MARZO DE 2022<\/strong><\/p>\n<p style=\"text-align: justify;\"> <\/p>\n<p style=\"text-align: justify;\">Las entradas ser\u00e1n v\u00e1lidas para la nueva fecha sin que usted deba realizar ning\u00fan tr\u00e1mite de gesti\u00f3n.<\/p>\n<p style=\"text-align: justify;\"> <\/p>\n<p style=\"text-align: justify;\">Para la solicitud de devoluci\u00f3n en el caso de no poder asistir en la nueva fecha, se establece un periodo de 15 d\u00edas naturales a partir de la emisi\u00f3n de este comunicado, para tramitar esta opci\u00f3n deben contactar con atencionalcliente@ayuda.entradas.com<\/p>\n<p style=\"text-align: justify;\"> <\/p>\n<p style=\"text-align: justify;\">Lamentamos las molestias derivadas de esta situaci\u00f3n, deseamos volver a encontrarnos y disfrutar del Rock en Familia con todos vosotros y en unas condiciones mucho mejores.<\/p>\n","protected":false},"excerpt":{"rendered":"<p>COMUNICADO Estimado cliente, Os informamos que, ante la actual situaci\u00f3n sanitaria y las nuevas restricciones propuestas por la Generalitat de Catalunya, nos vemos obligados a aplazar el espect\u00e1culo de Rock en Familia: \u00abEncuentro Anual para Familias Rockeras\u00bb que estaba previsto para el 8 de enero de 2022 en Barcelona, posponiendo la fecha al 19 de [&hellip;]<\/p>\n","protected":false},"author":2,"featured_media":3389,"comment_status":"closed","ping_status":"open","sticky":false,"template":"","format":"standard","meta":{"footnotes":""},"categories":[26,27],"tags":[43,42,134],"class_list":["post-3053","post","type-post","status-publish","format-standard","has-post-thumbnail","hentry","category-espectaculos","category-noticias","tag-l-a-rock","tag-l-a-rock-entertainment","tag-rock-en-familia"],"_links":{"self":[{"href":"https:\/\/larock.com.es\/site\/wp-json\/wp\/v2\/posts\/3053","targetHints":{"allow":["GET"]}}],"collection":[{"href":"https:\/\/larock.com.es\/site\/wp-json\/wp\/v2\/posts"}],"about":[{"href":"https:\/\/larock.com.es\/site\/wp-json\/wp\/v2\/types\/post"}],"author":[{"embeddable":true,"href":"https:\/\/larock.com.es\/site\/wp-json\/wp\/v2\/users\/2"}],"replies":[{"embeddable":true,"href":"https:\/\/larock.com.es\/site\/wp-json\/wp\/v2\/comments?post=3053"}],"version-history":[{"count":5,"href":"https:\/\/larock.com.es\/site\/wp-json\/wp\/v2\/posts\/3053\/revisions"}],"predecessor-version":[{"id":3545,"href":"https:\/\/larock.com.es\/site\/wp-json\/wp\/v2\/posts\/3053\/revisions\/3545"}],"wp:featuredmedia":[{"embeddable":true,"href":"https:\/\/larock.com.es\/site\/wp-json\/wp\/v2\/media\/3389"}],"wp:attachment":[{"href":"https:\/\/larock.com.es\/site\/wp-json\/wp\/v2\/media?parent=3053"}],"wp:term":[{"taxonomy":"category","embeddable":true,"href":"https:\/\/larock.com.es\/site\/wp-json\/wp\/v2\/categories?post=3053"},{"taxonomy":"post_tag","embeddable":true,"href":"https:\/\/larock.com.es\/site\/wp-json\/wp\/v2\/tags?post=3053"}],"curies":[{"name":"wp","href":"https:\/\/api.w.org\/{rel}","templated":true}]}}