{"id":3048,"date":"2021-12-10T12:50:41","date_gmt":"2021-12-10T12:50:41","guid":{"rendered":"http:\/\/larock.com.es\/site\/?p=3048"},"modified":"2022-02-14T15:02:30","modified_gmt":"2022-02-14T15:02:30","slug":"manolo-garcia-anuncia-gira-y-nuevo-disco","status":"publish","type":"post","link":"https:\/\/larock.com.es\/site\/2021\/12\/10\/manolo-garcia-anuncia-gira-y-nuevo-disco\/","title":{"rendered":"MANOLO GARC\u00cdA ANUNCIA GIRA Y NUEVO DISCO"},"content":{"rendered":"\n<p style=\"text-align: justify;\"><strong>Anuncia nuevo disco en primavera de 2022 y las primeras ciudades de su gira<\/strong>.<\/p>\n<p style=\"text-align: justify;\"> <\/p>\n<p style=\"text-align: justify;\">El m\u00fasico saldr\u00e1 a la carretera para presentarlo en grandes recintos en una gira extensa durante los meses de mayo a diciembre.<\/p>\n<p style=\"text-align: justify;\"> <\/p>\n<p style=\"text-align: justify;\">Manolo Garc\u00eda volver\u00e1 a los escenarios la pr\u00f3xima primavera con un nuevo disco de estudio. Despu\u00e9s de su exitosa gira \u00abGeometr\u00eda del Rayo\u00bb de los a\u00f1os 2018 y 2019 y el obligado par\u00f3n de la pandemia, Manolo Garc\u00eda vuelve de nuevo a los escenarios. Lo har\u00e1 con un nuevo disco de estudio cuyo lanzamiento est\u00e1 previsto para la pr\u00f3xima primavera. Este nuevo disco, todav\u00eda sin t\u00edtulo, ser\u00e1 el octavo de Garc\u00eda en solitario tras la disoluci\u00f3n de su anterior formaci\u00f3n, El \u00faltimo de la Fila y del ya mencionado \u00faltimo disco, \u00abGeometr\u00eda del Rayo\u00bb, que mantuvo a Manolo Garc\u00eda en el N\u00famero 1 de ventas durante seis semanas consecutivas y con el que recibi\u00f3 el premio Grammy Latino al Mejor \u00c1lbum Pop Rock del a\u00f1o, el prestigioso Premio Ondas de la M\u00fasica 2018, adem\u00e1s de colgar el cartel de \u00abentradas agotadas\u00bb en su gira por toda Espa\u00f1a.<\/p>\n<p style=\"text-align: justify;\"> <\/p>\n<p style=\"text-align: justify;\"><strong>Entradas a la venta en El Corte Ingl\u00e9s, ticketmaster.com y en www.manolo-garcia.com<\/strong><\/p>\n","protected":false},"excerpt":{"rendered":"<p>Anuncia nuevo disco en primavera de 2022 y las primeras ciudades de su gira. El m\u00fasico saldr\u00e1 a la carretera para presentarlo en grandes recintos en una gira extensa durante los meses de mayo a diciembre. Manolo Garc\u00eda volver\u00e1 a los escenarios la pr\u00f3xima primavera con un nuevo disco de estudio. Despu\u00e9s de su exitosa [&hellip;]<\/p>\n","protected":false},"author":2,"featured_media":3259,"comment_status":"closed","ping_status":"open","sticky":false,"template":"","format":"standard","meta":{"footnotes":""},"categories":[25,27],"tags":[43,42,138],"class_list":["post-3048","post","type-post","status-publish","format-standard","has-post-thumbnail","hentry","category-festivales","category-noticias","tag-l-a-rock","tag-l-a-rock-entertainment","tag-manolo-garcia"],"_links":{"self":[{"href":"https:\/\/larock.com.es\/site\/wp-json\/wp\/v2\/posts\/3048","targetHints":{"allow":["GET"]}}],"collection":[{"href":"https:\/\/larock.com.es\/site\/wp-json\/wp\/v2\/posts"}],"about":[{"href":"https:\/\/larock.com.es\/site\/wp-json\/wp\/v2\/types\/post"}],"author":[{"embeddable":true,"href":"https:\/\/larock.com.es\/site\/wp-json\/wp\/v2\/users\/2"}],"replies":[{"embeddable":true,"href":"https:\/\/larock.com.es\/site\/wp-json\/wp\/v2\/comments?post=3048"}],"version-history":[{"count":5,"href":"https:\/\/larock.com.es\/site\/wp-json\/wp\/v2\/posts\/3048\/revisions"}],"predecessor-version":[{"id":3550,"href":"https:\/\/larock.com.es\/site\/wp-json\/wp\/v2\/posts\/3048\/revisions\/3550"}],"wp:featuredmedia":[{"embeddable":true,"href":"https:\/\/larock.com.es\/site\/wp-json\/wp\/v2\/media\/3259"}],"wp:attachment":[{"href":"https:\/\/larock.com.es\/site\/wp-json\/wp\/v2\/media?parent=3048"}],"wp:term":[{"taxonomy":"category","embeddable":true,"href":"https:\/\/larock.com.es\/site\/wp-json\/wp\/v2\/categories?post=3048"},{"taxonomy":"post_tag","embeddable":true,"href":"https:\/\/larock.com.es\/site\/wp-json\/wp\/v2\/tags?post=3048"}],"curies":[{"name":"wp","href":"https:\/\/api.w.org\/{rel}","templated":true}]}}