{"id":3043,"date":"2021-12-17T12:37:42","date_gmt":"2021-12-17T12:37:42","guid":{"rendered":"http:\/\/larock.com.es\/site\/?p=3043"},"modified":"2022-02-14T15:01:34","modified_gmt":"2022-02-14T15:01:34","slug":"ya-estan-disponibles-las-entradas-para-disfrutar-de-cabaret-fuengirola-2022","status":"publish","type":"post","link":"https:\/\/larock.com.es\/site\/2021\/12\/17\/ya-estan-disponibles-las-entradas-para-disfrutar-de-cabaret-fuengirola-2022\/","title":{"rendered":"YA EST\u00c1N DISPONIBLES LAS ENTRADAS PARA DISFRUTAR DE CABARET FUENGIROLA 2022"},"content":{"rendered":"\n<p style=\"text-align: justify;\"><strong>Cabaret Festival<\/strong>, el <strong>\u00fanico festival itinerante del territorio espa\u00f1ol<\/strong>, vuelve en su tercera edici\u00f3n a <strong>Marenostrum Fuengirola<\/strong> para acercar al p\u00fablico los <strong>directos de los mejores artistas del panorama nacional e internacional en un ambiente exclusivo.<\/strong><\/p>\n<p style=\"text-align: justify;\"> <\/p>\n<p style=\"text-align: justify;\">Conjugando pasado y presente y proyectando la esencia de las salas de espect\u00e1culos que surgieron en los barrios bohemios de Par\u00eds a finales del siglo XIX a trav\u00e9s de las propuestas culturales y de ocio m\u00e1s actuales, Cabaret Festival se ha consolidado como una de las citas m\u00e1s originales e interesantes del panorama actual.<\/p>\n<p style=\"text-align: justify;\"> <\/p>\n<p style=\"text-align: justify;\">De esta manera, durante el mes de julio e integrado en <strong>Marenostrum Fuengirola<\/strong>, Cabaret Festival presenta los conciertos de <strong>Ni\u00f1a Pastori<\/strong> (27 de julio), <strong>Medina Azahara<\/strong> (28 de julio) y los internacionales <strong>Texas <\/strong>(29 de julio).<\/p>\n<p style=\"text-align: justify;\"> <\/p>\n<p style=\"text-align: justify;\">Con esta genial apuesta, <strong>Cabaret Festival Fuengirola 2022 pone de manifiesto la gran proyecci\u00f3n de esta tercera edici\u00f3n<\/strong> donde la calidad musical, sello de la casa, vendr\u00e1 acompa\u00f1ada de gratas sorpresas para el p\u00fablico.<\/p>\n<p style=\"text-align: justify;\"> <\/p>\n<p style=\"text-align: justify;\">Las entradas para disfrutar de los conciertos de Cabaret Festival en Fuengirola est\u00e1n disponibles en la p\u00e1gina web oficial del festival (www.cabaretfestival.com), en marenostrumfuengirola.com y en El Corte Ingl\u00e9s.<\/p>\n","protected":false},"excerpt":{"rendered":"<p>Cabaret Festival, el \u00fanico festival itinerante del territorio espa\u00f1ol, vuelve en su tercera edici\u00f3n a Marenostrum Fuengirola para acercar al p\u00fablico los directos de los mejores artistas del panorama nacional e internacional en un ambiente exclusivo. Conjugando pasado y presente y proyectando la esencia de las salas de espect\u00e1culos que surgieron en los barrios bohemios [&hellip;]<\/p>\n","protected":false},"author":2,"featured_media":3254,"comment_status":"closed","ping_status":"open","sticky":false,"template":"","format":"standard","meta":{"footnotes":""},"categories":[25,27],"tags":[135,43,42,37,137,30,136],"class_list":["post-3043","post","type-post","status-publish","format-standard","has-post-thumbnail","hentry","category-festivales","category-noticias","tag-cabaret-festival","tag-l-a-rock","tag-l-a-rock-entertainment","tag-marenostrum-fuengirola","tag-medina-azahara","tag-nina-pastori","tag-texas"],"_links":{"self":[{"href":"https:\/\/larock.com.es\/site\/wp-json\/wp\/v2\/posts\/3043","targetHints":{"allow":["GET"]}}],"collection":[{"href":"https:\/\/larock.com.es\/site\/wp-json\/wp\/v2\/posts"}],"about":[{"href":"https:\/\/larock.com.es\/site\/wp-json\/wp\/v2\/types\/post"}],"author":[{"embeddable":true,"href":"https:\/\/larock.com.es\/site\/wp-json\/wp\/v2\/users\/2"}],"replies":[{"embeddable":true,"href":"https:\/\/larock.com.es\/site\/wp-json\/wp\/v2\/comments?post=3043"}],"version-history":[{"count":4,"href":"https:\/\/larock.com.es\/site\/wp-json\/wp\/v2\/posts\/3043\/revisions"}],"predecessor-version":[{"id":3548,"href":"https:\/\/larock.com.es\/site\/wp-json\/wp\/v2\/posts\/3043\/revisions\/3548"}],"wp:featuredmedia":[{"embeddable":true,"href":"https:\/\/larock.com.es\/site\/wp-json\/wp\/v2\/media\/3254"}],"wp:attachment":[{"href":"https:\/\/larock.com.es\/site\/wp-json\/wp\/v2\/media?parent=3043"}],"wp:term":[{"taxonomy":"category","embeddable":true,"href":"https:\/\/larock.com.es\/site\/wp-json\/wp\/v2\/categories?post=3043"},{"taxonomy":"post_tag","embeddable":true,"href":"https:\/\/larock.com.es\/site\/wp-json\/wp\/v2\/tags?post=3043"}],"curies":[{"name":"wp","href":"https:\/\/api.w.org\/{rel}","templated":true}]}}