{"id":3039,"date":"2021-05-13T12:26:29","date_gmt":"2021-05-13T12:26:29","guid":{"rendered":"http:\/\/larock.com.es\/site\/?p=3039"},"modified":"2022-02-14T15:10:32","modified_gmt":"2022-02-14T15:10:32","slug":"aplazamiento-de-lagira-de-alejandro-sanz-en-cadiz-a-2022","status":"publish","type":"post","link":"https:\/\/larock.com.es\/site\/2021\/05\/13\/aplazamiento-de-lagira-de-alejandro-sanz-en-cadiz-a-2022\/","title":{"rendered":"APLAZAMIENTO DE #LAGIRA DE ALEJANDRO SANZ EN C\u00c1DIZ A 2022"},"content":{"rendered":"\n<h2 class=\"wp-block-heading\">COMUNICADO<\/h2>\n\n\n<p><\/p>\n<p style=\"text-align: justify;\">MOW MANAGEMENT, GTS y las empresas promotoras de los conciertos de #LaGira de Alejandro Sanz en Fuengirola, CONCERT TOUR, L.A. ROCK y M\u00daSICA DEL MAR y NSMfest, informan que los conciertos que ten\u00edan previsto llevarse a cabo entre los meses de junio y julio de 2021 se aplazan a 2022 debido a la imposibilidad de celebrarlos en las condiciones deseadas por todos.<\/p>\n<p style=\"text-align: justify;\"> <\/p>\n<p style=\"text-align: justify;\">A pesar de los numerosos esfuerzos y de las diferentes propuestas barajadas hasta el \u00faltimo momento con el objetivo de poder cumplir con las fechas de #LaGira en Espa\u00f1a en 2021, en \u00faltimo t\u00e9rmino ninguna de las soluciones ha sido viable como consecuencia de las actuales restricciones vigentes en la normativa para espect\u00e1culos.<\/p>\n<p style=\"text-align: justify;\"> <\/p>\n<p style=\"text-align: justify;\">#LaGira, antes de que la situaci\u00f3n de emergencia mundial obligara a posponer las fechas en 2020, ya hab\u00eda sumado innumerables SOLD OUT a su paso por Espa\u00f1a, EE.UU., M\u00e9xico, Argentina, Chile, Per\u00fa, Uruguay, Ecuador y Paraguay. Un enorme espect\u00e1culo concebido para grandes recintos y con un elevado n\u00famero de entradas vendidas que, lamentablemente, las actuales restricciones no permiten llevarlo tal y como fue creado.<\/p>\n<p style=\"text-align: justify;\"> <\/p>\n<p style=\"text-align: justify;\">Alejandro Sanz regresar\u00e1 a los escenarios a finales de 2021 con las fechas anunciadas de #LaGira en Estados Unidos y Latinoam\u00e9rica y el 8 y 9 de julio de 2022 actuar\u00e1 en C\u00e1diz.<\/p>\n<p style=\"text-align: justify;\"> <\/p>\n<p style=\"text-align: justify;\">\u00abLlevamos un a\u00f1o aguantando. La realidad es que compartimos un sentimiento de paciencia infinita y esta espera se est\u00e1 haciendo demasiado larga, tanto para vosotros como para m\u00ed. Las ganas de vernos aumentan por minuto y por eso, os quiero dar las gracias por aguantar un a\u00f1o m\u00e1s, para poder disfrutarnos con esa libertad que nos merecemos. Entonces sabremos que la espera ha merecido la pena. Volveremos a los escenarios y all\u00ed nos anclaremos. \u00a1Nos vemos muy pronto\u00bb, Alejandro Sanz.<\/p>\n<p style=\"text-align: justify;\"> <\/p>\n<p style=\"text-align: justify;\"><strong>Las entradas adquiridas a trav\u00e9s de los puntos de venta oficiales ser\u00e1n v\u00e1lidas para las nuevas fechas, sin necesidad de realizar ning\u00fan tr\u00e1mite adicional.<\/strong><\/p>\n<p style=\"text-align: justify;\"> <\/p>\n<p style=\"text-align: justify;\"><strong>Las entradas con fechas para el 12\/07\/\/2020 y 09\/07\/2021 ser\u00e1n v\u00e1lidas para el 08\/07\/2022<\/strong><\/p>\n<p style=\"text-align: justify;\"> <\/p>\n<p style=\"text-align: justify;\"><strong>Las entradas con fechas para 11\/07\/2020 y 10\/07\/2021 ser\u00e1n v\u00e1lidas para el 09\/07\/2022<\/strong><\/p>\n<p style=\"text-align: justify;\"> <\/p>\n<p style=\"text-align: justify;\">Cualquier otra gesti\u00f3n relacionada con las entradas deber\u00e1 hacerse a partir de hoy, 13 de mayo, y hasta el 28 de mayo de 2021 a las 23:59h. a trav\u00e9s del correo venta_entradas@elcorteingles.es o en un Centro Comercial de El Corte Ingl\u00e9s con servicio de Venta de Entradas.<\/p>\n<p style=\"text-align: justify;\"> <\/p>\n<p style=\"text-align: justify;\">Si adquiriste tus entradas en una agencia de Viajes El Corte Ingl\u00e9s deber\u00e1s dirigirte a tu Agencia de Viajes.<\/p>\n<p style=\"text-align: justify;\"> <\/p>\n<p style=\"text-align: justify;\">M\u00e1s informaci\u00f3n en: <a href=\"https:\/\/www.alejandrosanz.com\/home\">www.alejandrosanz.com<\/a><\/p>\n<p><\/p>","protected":false},"excerpt":{"rendered":"<p>COMUNICADO MOW MANAGEMENT, GTS y las empresas promotoras de los conciertos de #LaGira de Alejandro Sanz en Fuengirola, CONCERT TOUR, L.A. ROCK y M\u00daSICA DEL MAR y NSMfest, informan que los conciertos que ten\u00edan previsto llevarse a cabo entre los meses de junio y julio de 2021 se aplazan a 2022 debido a la imposibilidad [&hellip;]<\/p>\n","protected":false},"author":2,"featured_media":3274,"comment_status":"closed","ping_status":"open","sticky":false,"template":"","format":"standard","meta":{"footnotes":""},"categories":[24,27],"tags":[130,40,43,42],"class_list":["post-3039","post","type-post","status-publish","format-standard","has-post-thumbnail","hentry","category-conciertos1","category-noticias","tag-lagira","tag-alejandro-sanz","tag-l-a-rock","tag-l-a-rock-entertainment"],"_links":{"self":[{"href":"https:\/\/larock.com.es\/site\/wp-json\/wp\/v2\/posts\/3039","targetHints":{"allow":["GET"]}}],"collection":[{"href":"https:\/\/larock.com.es\/site\/wp-json\/wp\/v2\/posts"}],"about":[{"href":"https:\/\/larock.com.es\/site\/wp-json\/wp\/v2\/types\/post"}],"author":[{"embeddable":true,"href":"https:\/\/larock.com.es\/site\/wp-json\/wp\/v2\/users\/2"}],"replies":[{"embeddable":true,"href":"https:\/\/larock.com.es\/site\/wp-json\/wp\/v2\/comments?post=3039"}],"version-history":[{"count":5,"href":"https:\/\/larock.com.es\/site\/wp-json\/wp\/v2\/posts\/3039\/revisions"}],"predecessor-version":[{"id":3568,"href":"https:\/\/larock.com.es\/site\/wp-json\/wp\/v2\/posts\/3039\/revisions\/3568"}],"wp:featuredmedia":[{"embeddable":true,"href":"https:\/\/larock.com.es\/site\/wp-json\/wp\/v2\/media\/3274"}],"wp:attachment":[{"href":"https:\/\/larock.com.es\/site\/wp-json\/wp\/v2\/media?parent=3039"}],"wp:term":[{"taxonomy":"category","embeddable":true,"href":"https:\/\/larock.com.es\/site\/wp-json\/wp\/v2\/categories?post=3039"},{"taxonomy":"post_tag","embeddable":true,"href":"https:\/\/larock.com.es\/site\/wp-json\/wp\/v2\/tags?post=3039"}],"curies":[{"name":"wp","href":"https:\/\/api.w.org\/{rel}","templated":true}]}}