{"id":3021,"date":"2021-06-11T11:59:42","date_gmt":"2021-06-11T11:59:42","guid":{"rendered":"http:\/\/larock.com.es\/site\/?p=3021"},"modified":"2022-02-14T15:10:03","modified_gmt":"2022-02-14T15:10:03","slug":"nina-pastori-agota-entradas-en-marenostrum-fuengirola","status":"publish","type":"post","link":"https:\/\/larock.com.es\/site\/2021\/06\/11\/nina-pastori-agota-entradas-en-marenostrum-fuengirola\/","title":{"rendered":"NI\u00d1A PASTORI AGOTA ENTRADAS EN MARENOSTRUM FUENGIROLA"},"content":{"rendered":"\n<p style=\"text-align: justify;\"><strong>Ni\u00f1a Pastori<\/strong> celebra sus 25 a\u00f1os de trayectoria con el cartel de <strong>Entradas Agotadas en Marenostrum Fuengirola<\/strong>. Su gira de aniversario contin\u00faa imparable agrandando la leyenda de la artista andaluza.<\/p>\n<p style=\"text-align: justify;\"> <\/p>\n<p style=\"text-align: justify;\">Hoy 11 de Junio, Ni\u00f1a Pastori actuar\u00e1 en Marenostrum Fuengirola, con su tercer Sold Out consecutivo en las tres fechas en las que ha arrancado su gira 25 a\u00f1os. Un concierto que ser\u00e1 verdaderamente especial en un entorno id\u00edlico a orillas del mar, donde Pastori har\u00e1 un repaso por todos estos a\u00f1os de arrolladora trayectoria. A lo largo de su ya extenso recorrido, Ni\u00f1a Pastori ha demostrado que no hay g\u00e9nero que no se pueda renovar. Desde que se inici\u00f3 como casi adolescente hasta la madurez de quien cumple sus bodas de plata, la de San Fernando se ha consolidado como un talento fundamental para toda una generaci\u00f3n.<\/p>\n<p style=\"text-align: justify;\"> <\/p>\n<p style=\"text-align: justify;\">Su voz, su nervio y el compromiso con sus ra\u00edces \u2014tan innegociable como sus ganas de experimentar\u2014 han hecho de ella una de las artistas m\u00e1s respetadas y laureadas de nuestra m\u00fasica, y muy especialmente en el universo del flamenco.<\/p>\n<p style=\"text-align: justify;\"> <\/p>\n<p style=\"text-align: justify;\">Pocos artistas han sabido conjugar como ella el purismo de su voz con las nuevas tendencias musicales. Desde que a los 8 a\u00f1os se subiera por primera vez a un escenario y con tan solo 12 se fijara en ella el gran Camar\u00f3n de la Isla, ha consolidado un sello personal e inconfundible. As\u00ed es como ha cimentado una carrera en la que ha sido reconocida con cuatro Grammy Latinos, adem\u00e1s de dos Premios Dial, otros tantos Amigo y diversos discos de Oro y Platino en pa\u00edses como Espa\u00f1a, Colombia y Argentina, entre otros logros.<\/p>\n<p style=\"text-align: justify;\"> <\/p>\n<p style=\"text-align: justify;\">La promotora del concierto ha facilitado de forma especial, un peque\u00f1o n\u00famero de entradas de \u00faltima hora que estar\u00e1n disponibles \u00fanicamente en taquilla.<\/p>\n","protected":false},"excerpt":{"rendered":"<p>Ni\u00f1a Pastori celebra sus 25 a\u00f1os de trayectoria con el cartel de Entradas Agotadas en Marenostrum Fuengirola. Su gira de aniversario contin\u00faa imparable agrandando la leyenda de la artista andaluza. Hoy 11 de Junio, Ni\u00f1a Pastori actuar\u00e1 en Marenostrum Fuengirola, con su tercer Sold Out consecutivo en las tres fechas en las que ha arrancado [&hellip;]<\/p>\n","protected":false},"author":2,"featured_media":3263,"comment_status":"closed","ping_status":"open","sticky":false,"template":"","format":"standard","meta":{"footnotes":""},"categories":[24,27],"tags":[43,42,37,30],"class_list":["post-3021","post","type-post","status-publish","format-standard","has-post-thumbnail","hentry","category-conciertos1","category-noticias","tag-l-a-rock","tag-l-a-rock-entertainment","tag-marenostrum-fuengirola","tag-nina-pastori"],"_links":{"self":[{"href":"https:\/\/larock.com.es\/site\/wp-json\/wp\/v2\/posts\/3021","targetHints":{"allow":["GET"]}}],"collection":[{"href":"https:\/\/larock.com.es\/site\/wp-json\/wp\/v2\/posts"}],"about":[{"href":"https:\/\/larock.com.es\/site\/wp-json\/wp\/v2\/types\/post"}],"author":[{"embeddable":true,"href":"https:\/\/larock.com.es\/site\/wp-json\/wp\/v2\/users\/2"}],"replies":[{"embeddable":true,"href":"https:\/\/larock.com.es\/site\/wp-json\/wp\/v2\/comments?post=3021"}],"version-history":[{"count":4,"href":"https:\/\/larock.com.es\/site\/wp-json\/wp\/v2\/posts\/3021\/revisions"}],"predecessor-version":[{"id":3566,"href":"https:\/\/larock.com.es\/site\/wp-json\/wp\/v2\/posts\/3021\/revisions\/3566"}],"wp:featuredmedia":[{"embeddable":true,"href":"https:\/\/larock.com.es\/site\/wp-json\/wp\/v2\/media\/3263"}],"wp:attachment":[{"href":"https:\/\/larock.com.es\/site\/wp-json\/wp\/v2\/media?parent=3021"}],"wp:term":[{"taxonomy":"category","embeddable":true,"href":"https:\/\/larock.com.es\/site\/wp-json\/wp\/v2\/categories?post=3021"},{"taxonomy":"post_tag","embeddable":true,"href":"https:\/\/larock.com.es\/site\/wp-json\/wp\/v2\/tags?post=3021"}],"curies":[{"name":"wp","href":"https:\/\/api.w.org\/{rel}","templated":true}]}}