{"id":2993,"date":"2021-06-15T11:16:50","date_gmt":"2021-06-15T11:16:50","guid":{"rendered":"http:\/\/larock.com.es\/site\/?p=2993"},"modified":"2022-02-14T15:09:40","modified_gmt":"2022-02-14T15:09:40","slug":"reubicacion-del-publico-en-el-concierto-de-morat-del-4-de-septiembre-en-cordoba","status":"publish","type":"post","link":"https:\/\/larock.com.es\/site\/2021\/06\/15\/reubicacion-del-publico-en-el-concierto-de-morat-del-4-de-septiembre-en-cordoba\/","title":{"rendered":"REUBICACI\u00d3N DEL P\u00daBLICO EN EL CONCIERTO DE MORAT DEL 4 DE SEPTIEMBRE EN C\u00d3RDOBA"},"content":{"rendered":"\n<h2 class=\"wp-block-heading\">COMUNICADO<\/h2>\n\n\n<p><\/p>\n<p style=\"text-align: justify;\">Debido a las exigencias y requisitos impuestos por las autoridades sanitarias por la normativa COVID-19, nos hemos visto obligados a adaptar el recinto, <strong>reduciendo su aforo y asignando asientos a todos los asistentes<\/strong>, con el objetivo de garantizar la distancia de seguridad.<\/p>\n<p style=\"text-align: justify;\"> <\/p>\n<p style=\"text-align: justify;\">Por tanto, vamos a proceder a <strong>reubicar a todos los asistentes para el concierto de Morat en C\u00f3rdoba, previsto para el pr\u00f3ximo 4 de septiembre de 2021 a las 22.00h<\/strong>, dentro del ciclo de conciertos Cabaret Festival, en la Plaza de Toros Los Califas de C\u00f3rdoba.<\/p>\n<p style=\"text-align: justify;\"> <\/p>\n<p style=\"text-align: justify;\">SI USTED DESEA CONSERVAR SUS ENTRADAS<\/p>\n<p style=\"text-align: justify;\"> <\/p>\n<p style=\"text-align: justify;\">Como agradecimiento por haber conservado sus entradas para el concierto de Morat en C\u00f3rdoba todo este tiempo, le informamos de que <strong>procederemos a reubicar a todos los clientes, para asignarles una fila y asiento, sin coste adicional<\/strong>.<\/p>\n<p style=\"text-align: justify;\"> <\/p>\n<p style=\"text-align: justify;\">Las reubicaciones se realizar\u00e1n de la siguiente manera:<\/p>\n<p style=\"text-align: justify;\"> <\/p>\n<ul class=\"wp-block-list\" style=\"text-align: justify;\">\n<li>Las entradas de FRONT STAGE ser\u00e1n reubicadas en la zona de PLATEA, ubicada en la zona de sillas del ruedo.*<\/li>\n<li>Las entradas de PISTA y GRADA ser\u00e1n reubicadas en GRADA.*<\/li>\n<\/ul>\n<p style=\"text-align: justify;\"> <\/p>\n<p style=\"text-align: justify;\">*Las nuevas entradas garantizan al cliente un asiento en la zona de arriba indicada cumpliendo con las normas y recomendaciones establecidas por las Autoridades Sanitarias. Las localidades de Platea y Grada son numeradas.<\/p>\n<p style=\"text-align: justify;\"> <\/p>\n<p style=\"text-align: justify;\">Aprovechamos la ocasi\u00f3n para informarles de que <strong>debido a la reducci\u00f3n de aforo y la nueva configuraci\u00f3n de los eventos con preasignaci\u00f3n de asientos, las nuevas entradas para el concierto de Morat en C\u00f3rdoba tendr\u00e1n un precio m\u00e1s elevado<\/strong>, con el fin de atender los requerimientos de la normativa vigente. Sin embargo, seg\u00fan lo indicado antes, esta subida no afectar\u00e1 a aquellos clientes que decidan guardar sus entradas.<\/p>\n<p style=\"text-align: justify;\"> <\/p>\n<p style=\"text-align: justify;\">Si el cliente acepta la reubicaci\u00f3n de la forma arriba indicada, El Corte Ingl\u00e9s empezar\u00e1 a gestionar el env\u00edo de sus nuevas entradas a su direcci\u00f3n de correo electr\u00f3nico a partir del 15 de julio de 2021.<\/p>\n<p style=\"text-align: justify;\"> <\/p>\n<p style=\"text-align: justify;\"><strong>SI USTED DESEA SOLICITAR EL REEMBOLSO DE SUS ENTRADAS<\/strong><\/p>\n<p style=\"text-align: justify;\"> <\/p>\n<p style=\"text-align: justify;\"><strong>Los clientes que no est\u00e9n de acuerdo con esta propuesta de reubicaci\u00f3n disponen de un plazo m\u00e1ximo de 30 d\u00edas<\/strong> <strong>desde la recepci\u00f3n de este correo electr\u00f3nico para solicitar el reembolso de las entradas, es decir, hasta el 14 de julio de 2021, a las 23:59 inclusive.<\/strong><\/p>\n<p style=\"text-align: justify;\"> <\/p>\n<p style=\"text-align: justify;\"><strong>POL\u00cdTICA DE DEVOLUCI\u00d3N DE ENTRADAS<\/strong><\/p>\n<p style=\"text-align: justify;\"> <\/p>\n<ol class=\"wp-block-list\" style=\"text-align: justify;\">\n<li>Si usted compr\u00f3 sus entradas a trav\u00e9s de la web de El Corte Ingl\u00e9s o por venta telef\u00f3nica, deber\u00e1 solicitar la devoluci\u00f3n dentro del plazo fijado enviando un correo electr\u00f3nico a la siguiente direcci\u00f3n: venta_entradas@elcorteingles.es.<\/li>\n<li>Si usted adquiri\u00f3 sus entradas de forma presencial en un centro de El Corte Ingl\u00e9s o si ha pagado sus entradas con Tarjeta regalo, debe solicitar la devoluci\u00f3n de sus entradas acudiendo a un centro comercial de El Corte Ingl\u00e9s con servicio de venta de entradas presentando las mismas.<\/li>\n<li>Si adquiri\u00f3 sus entradas en una agencia de Viajes El Corte Ingl\u00e9s deber\u00e1 dirigirse a la Delegaci\u00f3n de Viajes.<\/li>\n<\/ol>\n<p style=\"text-align: justify;\"> <\/p>\n<p style=\"text-align: justify;\">Rogamos est\u00e9n atentos a su correo electr\u00f3nico para m\u00e1s informaci\u00f3n.<\/p>\n<p style=\"text-align: justify;\"> <\/p>\n<p style=\"text-align: justify;\">En nombre del artista y la organizaci\u00f3n queremos pedir disculpas por las molestias ocasionadas, y agradecemos de antemano la compresi\u00f3n y la paciencia ante esta complicada situaci\u00f3n.<\/p>\n<p><\/p>","protected":false},"excerpt":{"rendered":"<p>COMUNICADO Debido a las exigencias y requisitos impuestos por las autoridades sanitarias por la normativa COVID-19, nos hemos visto obligados a adaptar el recinto, reduciendo su aforo y asignando asientos a todos los asistentes, con el objetivo de garantizar la distancia de seguridad. Por tanto, vamos a proceder a reubicar a todos los asistentes para [&hellip;]<\/p>\n","protected":false},"author":2,"featured_media":3273,"comment_status":"closed","ping_status":"open","sticky":false,"template":"","format":"standard","meta":{"footnotes":""},"categories":[24,27],"tags":[43,42,107],"class_list":["post-2993","post","type-post","status-publish","format-standard","has-post-thumbnail","hentry","category-conciertos1","category-noticias","tag-l-a-rock","tag-l-a-rock-entertainment","tag-morat"],"_links":{"self":[{"href":"https:\/\/larock.com.es\/site\/wp-json\/wp\/v2\/posts\/2993","targetHints":{"allow":["GET"]}}],"collection":[{"href":"https:\/\/larock.com.es\/site\/wp-json\/wp\/v2\/posts"}],"about":[{"href":"https:\/\/larock.com.es\/site\/wp-json\/wp\/v2\/types\/post"}],"author":[{"embeddable":true,"href":"https:\/\/larock.com.es\/site\/wp-json\/wp\/v2\/users\/2"}],"replies":[{"embeddable":true,"href":"https:\/\/larock.com.es\/site\/wp-json\/wp\/v2\/comments?post=2993"}],"version-history":[{"count":5,"href":"https:\/\/larock.com.es\/site\/wp-json\/wp\/v2\/posts\/2993\/revisions"}],"predecessor-version":[{"id":3563,"href":"https:\/\/larock.com.es\/site\/wp-json\/wp\/v2\/posts\/2993\/revisions\/3563"}],"wp:featuredmedia":[{"embeddable":true,"href":"https:\/\/larock.com.es\/site\/wp-json\/wp\/v2\/media\/3273"}],"wp:attachment":[{"href":"https:\/\/larock.com.es\/site\/wp-json\/wp\/v2\/media?parent=2993"}],"wp:term":[{"taxonomy":"category","embeddable":true,"href":"https:\/\/larock.com.es\/site\/wp-json\/wp\/v2\/categories?post=2993"},{"taxonomy":"post_tag","embeddable":true,"href":"https:\/\/larock.com.es\/site\/wp-json\/wp\/v2\/tags?post=2993"}],"curies":[{"name":"wp","href":"https:\/\/api.w.org\/{rel}","templated":true}]}}