{"id":2990,"date":"2021-04-19T10:59:33","date_gmt":"2021-04-19T10:59:33","guid":{"rendered":"http:\/\/larock.com.es\/site\/?p=2990"},"modified":"2022-01-05T18:10:44","modified_gmt":"2022-01-05T18:10:44","slug":"reubicacion-del-publico-en-el-concierto-de-monica-naranjo-del-13-de-agosto-de-2021-en-marenostrum-fuengirola","status":"publish","type":"post","link":"https:\/\/larock.com.es\/site\/2021\/04\/19\/reubicacion-del-publico-en-el-concierto-de-monica-naranjo-del-13-de-agosto-de-2021-en-marenostrum-fuengirola\/","title":{"rendered":"REUBICACI\u00d3N DEL P\u00daBLICO EN EL CONCIERTO DE M\u00d3NICA NARANJO DEL 13 DE AGOSTO DE 2021 EN MARENOSTRUM FUENGIROLA"},"content":{"rendered":"\n<h2 class=\"wp-block-heading\">COMUNICADO<\/h2>\n\n\n\n<p>Estimado cliente,<\/p>\n\n\n\n<p>Como te informamos en nuestra \u00faltima comunicaci\u00f3n, el concierto de <strong>M\u00f3nica Naranjo: Pure Minage &#8211; Recital a piano y voz<\/strong>, se celebrar\u00e1 el <strong>13 de agosto de 2021 en Marenostrum Fuengirola a las 20:30h<\/strong>, en un espacio adaptado a la normativa de control de aforo para asegurar tu bienestar.<\/p>\n\n\n\n<p>Te recordamos que tienes hasta el 7 de mayo para cumplimentar el formulario con la informaci\u00f3n sobre tu entrada y as\u00ed, poder resolver tu solicitud lo antes posible y poder enviarte <strong>tu nueva entrada<\/strong>.<\/p>\n\n\n\n<p>Como agradecimiento por haber conservado tu entrada y haber apostado por la m\u00fasica en directo, tendr\u00e1s una ubicaci\u00f3n preferente en el sector que seleccionaste y mantendremos el precio sin a\u00f1adir ning\u00fan coste adicional. Tambi\u00e9n te informamos que las entradas pr\u00f3ximamente a la venta tendr\u00e1n un coste superior a la que adquiriste.<\/p>\n\n\n\n<p>Si compraste tu entrada de forma individual pero quieres estar cerca de tus amigos o familiares, sigue las instrucciones del formulario de manera sencilla, e indica el n\u00famero de referencia de sus entradas y se os asignar\u00e1n asientos correlativos.<\/p>\n\n\n\n<p>Si adquiriste tu entrada on-line y tienes varias compras, recibir\u00e1s un e-mail diferente por cada una. El siguiente formulario corresponde a tu compra de referencia: 1231231<\/p>\n\n\n\n<p>Durante todo este proceso vamos a estar a tu disposici\u00f3n para gestionar cualquier duda o consulta que pueda surgir.<\/p>\n","protected":false},"excerpt":{"rendered":"<p>COMUNICADO Estimado cliente, Como te informamos en nuestra \u00faltima comunicaci\u00f3n, el concierto de M\u00f3nica Naranjo: Pure Minage &#8211; Recital a piano y voz, se celebrar\u00e1 el 13 de agosto de 2021 en Marenostrum Fuengirola a las 20:30h, en un espacio adaptado a la normativa de control de aforo para asegurar tu bienestar. Te recordamos que [&hellip;]<\/p>\n","protected":false},"author":2,"featured_media":3285,"comment_status":"closed","ping_status":"open","sticky":false,"template":"","format":"standard","meta":{"footnotes":""},"categories":[24,27],"tags":[43,42,37,35],"class_list":["post-2990","post","type-post","status-publish","format-standard","has-post-thumbnail","hentry","category-conciertos1","category-noticias","tag-l-a-rock","tag-l-a-rock-entertainment","tag-marenostrum-fuengirola","tag-monica-naranjo"],"_links":{"self":[{"href":"https:\/\/larock.com.es\/site\/wp-json\/wp\/v2\/posts\/2990","targetHints":{"allow":["GET"]}}],"collection":[{"href":"https:\/\/larock.com.es\/site\/wp-json\/wp\/v2\/posts"}],"about":[{"href":"https:\/\/larock.com.es\/site\/wp-json\/wp\/v2\/types\/post"}],"author":[{"embeddable":true,"href":"https:\/\/larock.com.es\/site\/wp-json\/wp\/v2\/users\/2"}],"replies":[{"embeddable":true,"href":"https:\/\/larock.com.es\/site\/wp-json\/wp\/v2\/comments?post=2990"}],"version-history":[{"count":4,"href":"https:\/\/larock.com.es\/site\/wp-json\/wp\/v2\/posts\/2990\/revisions"}],"predecessor-version":[{"id":3287,"href":"https:\/\/larock.com.es\/site\/wp-json\/wp\/v2\/posts\/2990\/revisions\/3287"}],"wp:featuredmedia":[{"embeddable":true,"href":"https:\/\/larock.com.es\/site\/wp-json\/wp\/v2\/media\/3285"}],"wp:attachment":[{"href":"https:\/\/larock.com.es\/site\/wp-json\/wp\/v2\/media?parent=2990"}],"wp:term":[{"taxonomy":"category","embeddable":true,"href":"https:\/\/larock.com.es\/site\/wp-json\/wp\/v2\/categories?post=2990"},{"taxonomy":"post_tag","embeddable":true,"href":"https:\/\/larock.com.es\/site\/wp-json\/wp\/v2\/tags?post=2990"}],"curies":[{"name":"wp","href":"https:\/\/api.w.org\/{rel}","templated":true}]}}