{"id":2987,"date":"2021-05-12T10:35:06","date_gmt":"2021-05-12T10:35:06","guid":{"rendered":"http:\/\/larock.com.es\/site\/?p=2987"},"modified":"2022-01-05T17:52:37","modified_gmt":"2022-01-05T17:52:37","slug":"reubicacion-del-publico-en-el-concierto-de-el-barrio-del-13-de-agosto-en-guijuelo","status":"publish","type":"post","link":"https:\/\/larock.com.es\/site\/2021\/05\/12\/reubicacion-del-publico-en-el-concierto-de-el-barrio-del-13-de-agosto-en-guijuelo\/","title":{"rendered":"REUBICACI\u00d3N DEL P\u00daBLICO EN EL CONCIERTO DE EL BARRIO DEL 13 DE AGOSTO EN GUIJUELO"},"content":{"rendered":"\n<h2 class=\"wp-block-heading\">COMUNICADO<\/h2>\n\n\n\n<p>Estimado cliente,<\/p>\n\n\n\n<p>Te informamos que el recinto en el cual va a celebrarse el concierto de <strong>El Barrio<\/strong> en Guijuelo, previsto para el pr\u00f3ximo 13 de agosto de 2021, ha adaptado su espacio a la normativa de seguridad sanitaria y control de aforos.<\/p>\n\n\n\n<p>Dichas medidas han obligado a restructurar la disposici\u00f3n del espacio para preservar tu seguridad y bienestar, por lo que se modificar\u00e1 la situaci\u00f3n de tus entradas respetando el distanciamiento social recomendado.<\/p>\n\n\n\n<p>Todas las entradas se reasignar\u00e1n y se situar\u00e1n en localidades de asiento, al no estar permitido los eventos con p\u00fablico en pie.<\/p>\n\n\n\n<p>Queremos agradecer tu fidelidad y que hayas conservado tu entrada todo este tiempo, y por ello, se te reasignar\u00e1 una entrada preferente con la mejor ubicaci\u00f3n dentro de la zona que seleccionaste en tu compra.<\/p>\n\n\n\n<p>Si adquiriste tu entrada <strong>on-line<\/strong>, en los pr\u00f3ximos d\u00edas, recibir\u00e1s a trav\u00e9s de correo electr\u00f3nico tus nuevas entradas con la ubicaci\u00f3n final. <strong>Esta nueva entrada ser\u00e1 la que tenga validez y la que debes presentar el d\u00eda del concierto, anulando la entrada anterior<\/strong>.<\/p>\n\n\n\n<p>Durante todo este proceso vamos a estar a tu disposici\u00f3n para gestionar cualquier duda o consulta que pueda surgir en venta_entradas@elcorteingles.es<\/p>\n\n\n\n<p>Reiteramos nuestro agradecimiento por haber conservado tu entrada y continuar apoyando la m\u00fasica en directo. Deseamos que disfrutes del concierto en un entorno de #CulturaSegura.<\/p>\n","protected":false},"excerpt":{"rendered":"<p>COMUNICADO Estimado cliente, Te informamos que el recinto en el cual va a celebrarse el concierto de El Barrio en Guijuelo, previsto para el pr\u00f3ximo 13 de agosto de 2021, ha adaptado su espacio a la normativa de seguridad sanitaria y control de aforos. Dichas medidas han obligado a restructurar la disposici\u00f3n del espacio para [&hellip;]<\/p>\n","protected":false},"author":2,"featured_media":3264,"comment_status":"closed","ping_status":"open","sticky":false,"template":"","format":"standard","meta":{"footnotes":""},"categories":[24,27],"tags":[79,132,43,42],"class_list":["post-2987","post","type-post","status-publish","format-standard","has-post-thumbnail","hentry","category-conciertos1","category-noticias","tag-el-barrio","tag-el-danzar-de-las-mariposas","tag-l-a-rock","tag-l-a-rock-entertainment"],"_links":{"self":[{"href":"https:\/\/larock.com.es\/site\/wp-json\/wp\/v2\/posts\/2987","targetHints":{"allow":["GET"]}}],"collection":[{"href":"https:\/\/larock.com.es\/site\/wp-json\/wp\/v2\/posts"}],"about":[{"href":"https:\/\/larock.com.es\/site\/wp-json\/wp\/v2\/types\/post"}],"author":[{"embeddable":true,"href":"https:\/\/larock.com.es\/site\/wp-json\/wp\/v2\/users\/2"}],"replies":[{"embeddable":true,"href":"https:\/\/larock.com.es\/site\/wp-json\/wp\/v2\/comments?post=2987"}],"version-history":[{"count":4,"href":"https:\/\/larock.com.es\/site\/wp-json\/wp\/v2\/posts\/2987\/revisions"}],"predecessor-version":[{"id":3278,"href":"https:\/\/larock.com.es\/site\/wp-json\/wp\/v2\/posts\/2987\/revisions\/3278"}],"wp:featuredmedia":[{"embeddable":true,"href":"https:\/\/larock.com.es\/site\/wp-json\/wp\/v2\/media\/3264"}],"wp:attachment":[{"href":"https:\/\/larock.com.es\/site\/wp-json\/wp\/v2\/media?parent=2987"}],"wp:term":[{"taxonomy":"category","embeddable":true,"href":"https:\/\/larock.com.es\/site\/wp-json\/wp\/v2\/categories?post=2987"},{"taxonomy":"post_tag","embeddable":true,"href":"https:\/\/larock.com.es\/site\/wp-json\/wp\/v2\/tags?post=2987"}],"curies":[{"name":"wp","href":"https:\/\/api.w.org\/{rel}","templated":true}]}}