{"id":2984,"date":"2020-03-10T10:27:48","date_gmt":"2020-03-10T10:27:48","guid":{"rendered":"http:\/\/larock.com.es\/site\/?p=2984"},"modified":"2022-01-05T17:58:17","modified_gmt":"2022-01-05T17:58:17","slug":"el-barrio-presenta-en-directo-el-danzar-de-las-mariposas-el-proximo-13-de-agosto-de-2021-en-el-recinto-de-espectaculos-de-guijuelo","status":"publish","type":"post","link":"https:\/\/larock.com.es\/site\/2020\/03\/10\/el-barrio-presenta-en-directo-el-danzar-de-las-mariposas-el-proximo-13-de-agosto-de-2021-en-el-recinto-de-espectaculos-de-guijuelo\/","title":{"rendered":"EL BARRIO PRESENTA EN DIRECTO \u00abEL DANZAR DE LAS MARIPOSAS\u00bb EL PR\u00d3XIMO 13 DE AGOSTO DE 2021 EN EL RECINTO DE ESPECT\u00c1CULOS DE GUIJUELO"},"content":{"rendered":"\n<p><strong>El Barrio<\/strong> contin\u00faa conquistando escenarios a lo largo de toda la geograf\u00eda nacional con su gira <strong>El Danzar De Las Mariposas<\/strong>, un espect\u00e1culo \u00fanico en el que el que el artista presenta su \u00faltimo trabajo discogr\u00e1fico y hace un repaso a las canciones m\u00e1s emblem\u00e1ticas de toda su carrera.<\/p>\n\n\n\n<p>Una espectacular puesta en escena, la inconfundible personalidad de El Barrio y su excepcional calidad musical son los componentes perfectos para vivir una noche 13 de Agosto en el Recinto de Espect\u00e1culos de Guijuelo. Una cita imprescindible en la que vibrar acompa\u00f1ados de El Barrio y sus particulares mariposas y disfrutar de uno de los artistas m\u00e1s importantes del panorama musical, despu\u00e9s de haber sido reconocido con un <strong>Disco De Platino<\/strong> y haberse consolidado como<strong> N\u00ba1 en ventas<\/strong> con este \u00faltimo \u00e1lbum de estudio.<\/p>\n\n\n\n<p>La <strong>venta de entradas<\/strong> se realizar\u00e1 por los canales de venta de entradas de <strong>El Corte Ingl\u00e9s<\/strong>, el pr\u00f3ximo <strong>Lunes, 16 de marzo, a las 11h<\/strong>.<\/p>\n\n\n\n<p>La <strong>venta f\u00edsica<\/strong> de entradas se habilitar\u00e1 en el <strong>Excmo. Ayuntamiento de Guijuelo<\/strong>.<\/p>\n\n\n\n<p>El <strong>26 de marzo<\/strong> tambi\u00e9n podr\u00e1n adquirirse v\u00eda online por <strong>Ticketmaster.es<\/strong><\/p>\n","protected":false},"excerpt":{"rendered":"<p>El Barrio contin\u00faa conquistando escenarios a lo largo de toda la geograf\u00eda nacional con su gira El Danzar De Las Mariposas, un espect\u00e1culo \u00fanico en el que el que el artista presenta su \u00faltimo trabajo discogr\u00e1fico y hace un repaso a las canciones m\u00e1s emblem\u00e1ticas de toda su carrera. Una espectacular puesta en escena, la [&hellip;]<\/p>\n","protected":false},"author":2,"featured_media":3264,"comment_status":"closed","ping_status":"open","sticky":false,"template":"","format":"standard","meta":{"footnotes":""},"categories":[24,27],"tags":[79,132,43,42],"class_list":["post-2984","post","type-post","status-publish","format-standard","has-post-thumbnail","hentry","category-conciertos1","category-noticias","tag-el-barrio","tag-el-danzar-de-las-mariposas","tag-l-a-rock","tag-l-a-rock-entertainment"],"_links":{"self":[{"href":"https:\/\/larock.com.es\/site\/wp-json\/wp\/v2\/posts\/2984","targetHints":{"allow":["GET"]}}],"collection":[{"href":"https:\/\/larock.com.es\/site\/wp-json\/wp\/v2\/posts"}],"about":[{"href":"https:\/\/larock.com.es\/site\/wp-json\/wp\/v2\/types\/post"}],"author":[{"embeddable":true,"href":"https:\/\/larock.com.es\/site\/wp-json\/wp\/v2\/users\/2"}],"replies":[{"embeddable":true,"href":"https:\/\/larock.com.es\/site\/wp-json\/wp\/v2\/comments?post=2984"}],"version-history":[{"count":4,"href":"https:\/\/larock.com.es\/site\/wp-json\/wp\/v2\/posts\/2984\/revisions"}],"predecessor-version":[{"id":3283,"href":"https:\/\/larock.com.es\/site\/wp-json\/wp\/v2\/posts\/2984\/revisions\/3283"}],"wp:featuredmedia":[{"embeddable":true,"href":"https:\/\/larock.com.es\/site\/wp-json\/wp\/v2\/media\/3264"}],"wp:attachment":[{"href":"https:\/\/larock.com.es\/site\/wp-json\/wp\/v2\/media?parent=2984"}],"wp:term":[{"taxonomy":"category","embeddable":true,"href":"https:\/\/larock.com.es\/site\/wp-json\/wp\/v2\/categories?post=2984"},{"taxonomy":"post_tag","embeddable":true,"href":"https:\/\/larock.com.es\/site\/wp-json\/wp\/v2\/tags?post=2984"}],"curies":[{"name":"wp","href":"https:\/\/api.w.org\/{rel}","templated":true}]}}