{"id":2981,"date":"2021-10-08T10:18:54","date_gmt":"2021-10-08T10:18:54","guid":{"rendered":"http:\/\/larock.com.es\/site\/?p=2981"},"modified":"2022-02-14T15:08:30","modified_gmt":"2022-02-14T15:08:30","slug":"reubicacion-del-publico-en-el-concierto-del-16-de-octubre-de-madrid-de-el-barrio","status":"publish","type":"post","link":"https:\/\/larock.com.es\/site\/2021\/10\/08\/reubicacion-del-publico-en-el-concierto-del-16-de-octubre-de-madrid-de-el-barrio\/","title":{"rendered":"REUBICACI\u00d3N DEL P\u00daBLICO EN EL CONCIERTO DEL 16 DE OCTUBRE DE MADRID DE EL BARRIO"},"content":{"rendered":"\n<h2 class=\"wp-block-heading\">COMUNICADO<\/h2>\n\n\n<p><\/p>\n<p style=\"text-align: justify;\">Debido a la nueva normativa en la Comunidad de Madrid, los espacios multiusos polivalentes podr\u00e1n desarrollar su actividad siempre que el p\u00fablico permanezca sentado contando con butacas preasignadas.<\/p>\n<p style=\"text-align: justify;\"> <\/p>\n<p style=\"text-align: justify;\">Por ello, nos vemos obligados a <strong>reubicar a los clientes que cuentan con entradas de GENERAL FRONT STAGE y de GENERAL PISTA<\/strong>, reasign\u00e1ndoseles localidades de asiento, al no estar permitidos los eventos con p\u00fablico de pie.<\/p>\n<p style=\"text-align: justify;\"> <\/p>\n<p style=\"text-align: justify;\">Toda persona que ya cuente con su entrada de General Front Stage y General Pista y est\u00e9 de acuerdo con las pautas a seguir sobre el cambio de ubicaci\u00f3n en el recinto debe canjear su ticket.<\/p>\n<p style=\"text-align: justify;\"> <\/p>\n<p style=\"text-align: justify;\">Es importante que sepas que solo podr\u00e1s canjear tu entrada en la zona marcada en el plano seg\u00fan corresponda con tu antigua situaci\u00f3n dentro del WiZink Center.<\/p>\n<p style=\"text-align: justify;\"> <\/p>\n<ul class=\"wp-block-list\" style=\"text-align: justify;\">\n<li>Si ten\u00edas una entrada de <strong>GENERAL PISTA <\/strong>de 37,00\u20ac m\u00e1s gastos de gesti\u00f3n, podr\u00e1s elegir cualquier butaca disponible SOLO de la zona marcada en <strong>AZUL<\/strong>.<\/li>\n<li>Si ten\u00edas una entrada de <strong>GENERAL FRONT STAGE<\/strong> de 67,00\u20ac m\u00e1s gastos de gesti\u00f3n, podr\u00e1s elegir cualquier butaca disponible SOLO de la zona marcada en <strong>AMARILLO<\/strong>.<\/li>\n<\/ul>\n<p style=\"text-align: justify;\"> <\/p>\n<p style=\"text-align: justify;\"><strong>TU NUEVA UBICACI\u00d3N DEPENDER\u00c1 EXCLUSIVAMENTE DE TU SELECCI\u00d3N EN BASE A DISPONIBILIDAD.<\/strong><\/p>\n<p style=\"text-align: justify;\"> <\/p>\n<p style=\"text-align: justify;\">No olvides tener tu antigua entrada a mano, puesto que te har\u00e1 falta el localizador de la misma para canjearla.<\/p>\n<p style=\"text-align: justify;\"> <\/p>\n<p style=\"text-align: justify;\">En el caso de que tuvieras planeado acudir con m\u00e1s personas que compraron la entrada en otro momento, recordar que deb\u00e9is hacer la selecci\u00f3n de butacas a la vez para poder estar lo m\u00e1s cerca posible.<\/p>\n<p style=\"text-align: justify;\"> <\/p>\n<p style=\"text-align: justify;\">La entrada que imprimas saldr\u00e1 a precio 0\u20ac ya que es una reimpresi\u00f3n.<\/p>\n<p style=\"text-align: justify;\"> <\/p>\n<p style=\"text-align: justify;\"><strong>Si compraste tu entrada en un Centro Comercial de El Corte Ingl\u00e9s y no dejaste datos de contacto en el momento de la compra<\/strong>, deber\u00e1s enviar lo antes posible un mail a venta_entradas@elcorteingles.es con el asunto <strong>EL BARRIO MADRID<\/strong> y los siguientes datos: <strong>Nombre y apellidos, localizador de compra, DNI, localidad, pa\u00eds, mail, tel\u00e9fono y c\u00f3digo postal<\/strong> para que te puedan registrar y as\u00ed realizar el autocanjeo de tus entradas.<\/p>\n<p style=\"text-align: justify;\"> <\/p>\n<p style=\"text-align: justify;\"><strong>Fin de plazo para auto asignarte las butacas: 12 de octubre de 2021.<\/strong><\/p>\n<p style=\"text-align: justify;\"> <\/p>\n<p style=\"text-align: justify;\">ACCEDE AL LINK PARA PODER CANJEAR TU ENTRADA. El link de canjeo es SOLO v\u00e1lido para entradas de GENERAL FRONT STAGE y GENERAL PISTA.<\/p>\n<p style=\"text-align: justify;\"> <\/p>\n<p style=\"text-align: justify;\"><strong>Las entradas adquiridas para cualquier zona de GRADA con asiento preasignado del WiZink Center S\u00cd son v\u00e1lidas para el concierto.<\/strong><\/p>\n<p><\/p>","protected":false},"excerpt":{"rendered":"<p>COMUNICADO Debido a la nueva normativa en la Comunidad de Madrid, los espacios multiusos polivalentes podr\u00e1n desarrollar su actividad siempre que el p\u00fablico permanezca sentado contando con butacas preasignadas. Por ello, nos vemos obligados a reubicar a los clientes que cuentan con entradas de GENERAL FRONT STAGE y de GENERAL PISTA, reasign\u00e1ndoseles localidades de asiento, [&hellip;]<\/p>\n","protected":false},"author":2,"featured_media":3264,"comment_status":"closed","ping_status":"open","sticky":false,"template":"","format":"standard","meta":{"footnotes":""},"categories":[24,27],"tags":[79,43,42],"class_list":["post-2981","post","type-post","status-publish","format-standard","has-post-thumbnail","hentry","category-conciertos1","category-noticias","tag-el-barrio","tag-l-a-rock","tag-l-a-rock-entertainment"],"_links":{"self":[{"href":"https:\/\/larock.com.es\/site\/wp-json\/wp\/v2\/posts\/2981","targetHints":{"allow":["GET"]}}],"collection":[{"href":"https:\/\/larock.com.es\/site\/wp-json\/wp\/v2\/posts"}],"about":[{"href":"https:\/\/larock.com.es\/site\/wp-json\/wp\/v2\/types\/post"}],"author":[{"embeddable":true,"href":"https:\/\/larock.com.es\/site\/wp-json\/wp\/v2\/users\/2"}],"replies":[{"embeddable":true,"href":"https:\/\/larock.com.es\/site\/wp-json\/wp\/v2\/comments?post=2981"}],"version-history":[{"count":5,"href":"https:\/\/larock.com.es\/site\/wp-json\/wp\/v2\/posts\/2981\/revisions"}],"predecessor-version":[{"id":3559,"href":"https:\/\/larock.com.es\/site\/wp-json\/wp\/v2\/posts\/2981\/revisions\/3559"}],"wp:featuredmedia":[{"embeddable":true,"href":"https:\/\/larock.com.es\/site\/wp-json\/wp\/v2\/media\/3264"}],"wp:attachment":[{"href":"https:\/\/larock.com.es\/site\/wp-json\/wp\/v2\/media?parent=2981"}],"wp:term":[{"taxonomy":"category","embeddable":true,"href":"https:\/\/larock.com.es\/site\/wp-json\/wp\/v2\/categories?post=2981"},{"taxonomy":"post_tag","embeddable":true,"href":"https:\/\/larock.com.es\/site\/wp-json\/wp\/v2\/tags?post=2981"}],"curies":[{"name":"wp","href":"https:\/\/api.w.org\/{rel}","templated":true}]}}