{"id":2977,"date":"2020-04-13T10:07:15","date_gmt":"2020-04-13T10:07:15","guid":{"rendered":"http:\/\/larock.com.es\/site\/?p=2977"},"modified":"2022-01-05T17:58:26","modified_gmt":"2022-01-05T17:58:26","slug":"nueva-fecha-confirmada-en-2021-para-el-concierto-aplazado-de-el-barrio-en-madrid","status":"publish","type":"post","link":"https:\/\/larock.com.es\/site\/2020\/04\/13\/nueva-fecha-confirmada-en-2021-para-el-concierto-aplazado-de-el-barrio-en-madrid\/","title":{"rendered":"NUEVA FECHA CONFIRMADA EN 2021 PARA EL CONCIERTO APLAZADO DE EL BARRIO EN MADRID"},"content":{"rendered":"\n<h2 class=\"wp-block-heading\">COMUNICADO<\/h2>\n\n\n\n<p><strong>El Barrio anuncia nueva fecha para la celebraci\u00f3n del concierto que hab\u00eda sido aplazado debido a la situaci\u00f3n de crisis sanitaria ocasionada por el COVID-19<\/strong> (Coronavirus), con el fin de garantizar el bienestar de los asistentes.<\/p>\n\n\n\n<p><strong>La nueva fecha elegida para celebrar el concierto de Madrid ser\u00e1 el pr\u00f3ximo s\u00e1bado 16 de octubre de 2021<\/strong>, en el mismo recinto (WiZink Center).<\/p>\n\n\n\n<p>Todas las entradas adquiridas para la antigua fecha ser\u00e1n v\u00e1lidas para los nuevos conciertos sin necesidad de realizar ning\u00fan cambio. Del mismo modo, aquellos que no puedan asistir al concierto en la nueva fecha fijada, podr\u00e1n solicitar la devoluci\u00f3n del importe \u00edntegro de sus entradas en un plazo de 15 d\u00edas desde la publicaci\u00f3n del presente comunicado a trav\u00e9s del canal por el que fueron adquiridas.<\/p>\n\n\n\n<p><strong>En el caso de los clientes que compraron sus entradas a trav\u00e9s de El Corte Ingl\u00e9s<\/strong>, podr\u00e1n solicitar la devoluci\u00f3n escribiendo un correo a venta_entradas@elcorteingles.es.<\/p>\n\n\n\n<p><strong>En el caso de los clientes que compraron sus entradas online o de forma telef\u00f3nica a trav\u00e9s de Ticketmaster<\/strong>, podr\u00e1n solicitar la devoluci\u00f3n a trav\u00e9s de la p\u00e1gina web de Ticketmaster, en la secci\u00f3n \u00abAyuda\u00bb, http:\/\/help.ticketmaster.es\/hc\/es.<\/p>\n\n\n\n<p>En nombre del artista y la organizaci\u00f3n, queremos pedir disculpas por las molestias ocasionadas por el aplazamiento de los citados conciertos y confiamos en poder devolver el cari\u00f1o recibido por todos muy pronto.<\/p>\n\n\n\n<p>Cualquier duda o ruego ser\u00e1 atendido a trav\u00e9s de los diferentes canales de contacto disponibles en la web: www.grupoconcerttour.com.<\/p>\n","protected":false},"excerpt":{"rendered":"<p>COMUNICADO El Barrio anuncia nueva fecha para la celebraci\u00f3n del concierto que hab\u00eda sido aplazado debido a la situaci\u00f3n de crisis sanitaria ocasionada por el COVID-19 (Coronavirus), con el fin de garantizar el bienestar de los asistentes. La nueva fecha elegida para celebrar el concierto de Madrid ser\u00e1 el pr\u00f3ximo s\u00e1bado 16 de octubre de [&hellip;]<\/p>\n","protected":false},"author":2,"featured_media":3264,"comment_status":"closed","ping_status":"open","sticky":false,"template":"","format":"standard","meta":{"footnotes":""},"categories":[24,27],"tags":[79,43,42],"class_list":["post-2977","post","type-post","status-publish","format-standard","has-post-thumbnail","hentry","category-conciertos1","category-noticias","tag-el-barrio","tag-l-a-rock","tag-l-a-rock-entertainment"],"_links":{"self":[{"href":"https:\/\/larock.com.es\/site\/wp-json\/wp\/v2\/posts\/2977","targetHints":{"allow":["GET"]}}],"collection":[{"href":"https:\/\/larock.com.es\/site\/wp-json\/wp\/v2\/posts"}],"about":[{"href":"https:\/\/larock.com.es\/site\/wp-json\/wp\/v2\/types\/post"}],"author":[{"embeddable":true,"href":"https:\/\/larock.com.es\/site\/wp-json\/wp\/v2\/users\/2"}],"replies":[{"embeddable":true,"href":"https:\/\/larock.com.es\/site\/wp-json\/wp\/v2\/comments?post=2977"}],"version-history":[{"count":4,"href":"https:\/\/larock.com.es\/site\/wp-json\/wp\/v2\/posts\/2977\/revisions"}],"predecessor-version":[{"id":3284,"href":"https:\/\/larock.com.es\/site\/wp-json\/wp\/v2\/posts\/2977\/revisions\/3284"}],"wp:featuredmedia":[{"embeddable":true,"href":"https:\/\/larock.com.es\/site\/wp-json\/wp\/v2\/media\/3264"}],"wp:attachment":[{"href":"https:\/\/larock.com.es\/site\/wp-json\/wp\/v2\/media?parent=2977"}],"wp:term":[{"taxonomy":"category","embeddable":true,"href":"https:\/\/larock.com.es\/site\/wp-json\/wp\/v2\/categories?post=2977"},{"taxonomy":"post_tag","embeddable":true,"href":"https:\/\/larock.com.es\/site\/wp-json\/wp\/v2\/tags?post=2977"}],"curies":[{"name":"wp","href":"https:\/\/api.w.org\/{rel}","templated":true}]}}