{"id":2970,"date":"2021-11-05T09:49:10","date_gmt":"2021-11-05T09:49:10","guid":{"rendered":"http:\/\/larock.com.es\/site\/?p=2970"},"modified":"2022-02-14T15:08:04","modified_gmt":"2022-02-14T15:08:04","slug":"cantajuego-presenta-el-show-de-coco-y-pepe","status":"publish","type":"post","link":"https:\/\/larock.com.es\/site\/2021\/11\/05\/cantajuego-presenta-el-show-de-coco-y-pepe\/","title":{"rendered":"CANTAJUEGO PRESENTA: \u00abEL SHOW DE COCO Y PEPE\u00bb"},"content":{"rendered":"<p><\/p>\n<p style=\"text-align: justify;\">\u00a1S\u00ed! Por fin estos dos reconocidos personajes se han lanzado con su propio espect\u00e1culo y contar\u00e1 adem\u00e1s con la participaci\u00f3n especial de Elena, que vuelve despu\u00e9s de triunfar con su espect\u00e1culo \u201c<strong>Sab\u00edas que\u2026<\/strong>\u201d.<\/p>\n<p style=\"text-align: justify;\"> <\/p>\n<p style=\"text-align: justify;\">Estar\u00e1n tambi\u00e9n muchos de los amigos que han desfilado a lo largo de estos a\u00f1os por el popular cancionero de CantaJuego: Buby la Ardilla, el Gorila y su baile, el Caballo verde, la Pulga aventurera, La Vaca lechera y muchos m\u00e1s.<\/p>\n<p style=\"text-align: justify;\"> <\/p>\n<p style=\"text-align: justify;\">Un espect\u00e1culo para toda la familia, con las canciones m\u00e1s exitosas y con historias que har\u00e1n la delicia del<br \/>p\u00fablico.<\/p>\n<p style=\"text-align: justify;\"> <\/p>\n<p style=\"text-align: justify;\">No te pierdas \u201c<strong>El Show de Coco y Pepe<\/strong>\u201d con la participaci\u00f3n especial de Elena.<\/p>\n<p><\/p>\n\n\n<figure class=\"wp-block-embed is-type-video is-provider-youtube wp-block-embed-youtube wp-embed-aspect-16-9 wp-has-aspect-ratio\"><div class=\"wp-block-embed__wrapper\">\n<iframe loading=\"lazy\" title=\"CantaJuego presenta: El Show de Coco y Pepe @entradas\" width=\"1150\" height=\"647\" src=\"https:\/\/www.youtube.com\/embed\/-YOlcKsiCzw?feature=oembed\" frameborder=\"0\" allow=\"accelerometer; autoplay; clipboard-write; encrypted-media; gyroscope; picture-in-picture\" allowfullscreen><\/iframe>\n<\/div><\/figure>\n","protected":false},"excerpt":{"rendered":"<p>\u00a1S\u00ed! Por fin estos dos reconocidos personajes se han lanzado con su propio espect\u00e1culo y contar\u00e1 adem\u00e1s con la participaci\u00f3n especial de Elena, que vuelve despu\u00e9s de triunfar con su espect\u00e1culo \u201cSab\u00edas que\u2026\u201d. Estar\u00e1n tambi\u00e9n muchos de los amigos que han desfilado a lo largo de estos a\u00f1os por el popular cancionero de CantaJuego: Buby [&hellip;]<\/p>\n","protected":false},"author":2,"featured_media":3267,"comment_status":"closed","ping_status":"open","sticky":false,"template":"","format":"standard","meta":{"footnotes":""},"categories":[26,27],"tags":[49,131,43,42],"class_list":["post-2970","post","type-post","status-publish","format-standard","has-post-thumbnail","hentry","category-espectaculos","category-noticias","tag-cantajuego","tag-el-show-de-coco-y-pepe","tag-l-a-rock","tag-l-a-rock-entertainment"],"_links":{"self":[{"href":"https:\/\/larock.com.es\/site\/wp-json\/wp\/v2\/posts\/2970","targetHints":{"allow":["GET"]}}],"collection":[{"href":"https:\/\/larock.com.es\/site\/wp-json\/wp\/v2\/posts"}],"about":[{"href":"https:\/\/larock.com.es\/site\/wp-json\/wp\/v2\/types\/post"}],"author":[{"embeddable":true,"href":"https:\/\/larock.com.es\/site\/wp-json\/wp\/v2\/users\/2"}],"replies":[{"embeddable":true,"href":"https:\/\/larock.com.es\/site\/wp-json\/wp\/v2\/comments?post=2970"}],"version-history":[{"count":4,"href":"https:\/\/larock.com.es\/site\/wp-json\/wp\/v2\/posts\/2970\/revisions"}],"predecessor-version":[{"id":3557,"href":"https:\/\/larock.com.es\/site\/wp-json\/wp\/v2\/posts\/2970\/revisions\/3557"}],"wp:featuredmedia":[{"embeddable":true,"href":"https:\/\/larock.com.es\/site\/wp-json\/wp\/v2\/media\/3267"}],"wp:attachment":[{"href":"https:\/\/larock.com.es\/site\/wp-json\/wp\/v2\/media?parent=2970"}],"wp:term":[{"taxonomy":"category","embeddable":true,"href":"https:\/\/larock.com.es\/site\/wp-json\/wp\/v2\/categories?post=2970"},{"taxonomy":"post_tag","embeddable":true,"href":"https:\/\/larock.com.es\/site\/wp-json\/wp\/v2\/tags?post=2970"}],"curies":[{"name":"wp","href":"https:\/\/api.w.org\/{rel}","templated":true}]}}