{"id":2967,"date":"2020-05-07T09:37:00","date_gmt":"2020-05-07T09:37:00","guid":{"rendered":"http:\/\/larock.com.es\/site\/?p=2967"},"modified":"2022-01-05T17:54:56","modified_gmt":"2022-01-05T17:54:56","slug":"cambio-de-fechas-de-lagira-de-alejandro-sanz-2021-en-espana","status":"publish","type":"post","link":"https:\/\/larock.com.es\/site\/2020\/05\/07\/cambio-de-fechas-de-lagira-de-alejandro-sanz-2021-en-espana\/","title":{"rendered":"CAMBIO DE FECHAS DE #LAGIRA DE ALEJANDRO SANZ 2021 EN ESPA\u00d1A"},"content":{"rendered":"\n<h2 class=\"wp-block-heading\">COMUNICADO<\/h2>\n\n\n\n<p>MOW MANAGEMENT, GTS y las empresas promotoras de los conciertos de <strong>#LaGira de Alejandro Sanz<\/strong> en Espa\u00f1a informan que, debido a la situaci\u00f3n de emergencia nacional sanitaria provocada por el Covid-19, y a la nueva normativa para espect\u00e1culos dictada por las autoridades competentes, las fechas de los conciertos que ten\u00edan previsto<br>llevarse a cabo entre los meses de Junio y Julio de 2020 se aplazan a 2021.<\/p>\n\n\n\n<p>La prioridad m\u00e1xima para Alejandro Sanz y su equipo, es preservar la salud de los asistentes a los conciertos y de las personas que participan en el desarrollo de los mismos, as\u00ed como velar por el bienestar general, respetando las medidas adoptadas por el Ministerio de Sanidad.<\/p>\n\n\n\n<p>Como manifestaba el propio artista en un mensaje dirigido a sus seguidores:<br><strong>\u201cSe retrasan las fechas, pero las ganas siguen intactas. Lo primero para mi, es vuestra seguridad y quiero que cuando volvamos a un concierto, podamos ir con toda la tranquilidad del mundo, que podamos estar juntos y disfrutar de la m\u00fasica como siempre lo hemos hecho. Os pido paciencia y os prometo unos shows que no olvidar\u00e9is jam\u00e1s. \u201c<\/strong><\/p>\n\n\n\n<p>Se ha trabajado en la \u00faltimas semanas de forma intensa para conseguir adaptar los calendarios, cumpliendo con todos los compromisos adquiridos y con la firme decisi\u00f3n de sumar m\u00e1s fechas y ciudades en un futuro pr\u00f3ximo.<\/p>\n\n\n\n<p>Las entradas adquiridas a trav\u00e9s de los puntos de venta oficiales ser\u00e1n v\u00e1lidas para las nuevas fechas, sin necesidad de realizar ning\u00fan tr\u00e1mite adicional. Cualquier otra gesti\u00f3n relacionada con las entradas deber\u00e1 hacerse a partir de hoy 8<br>de Mayo y hasta el 22 de Mayo a las 23.59, a trav\u00e9s del mismo canal donde fueron compradas.<br><\/p>\n\n\n\n<p class=\"has-text-align-center\"><strong>FECHAS #LAGIRA ALEJANDRO SANZ &#8211; 2021<br><\/strong>Fecha 2020            Ciudad Recinto               NUEVA FECHA 2021<br>13 Junio Valencia Ciudad de las artes y las ciencias 12 Junio 2021<br>14 Junio Valencia Ciudad de las artes y las ciencias 11 Junio 2021<br>17 Junio Murcia Plaza de Toros 16 Junio 2021<br>18 Junio Murcia Plaza de Toros 17 Junio 2021<br>20 Junio Valladolid Estadio Jos\u00e9 Zorrilla 19 Junio 2021<br>25 Junio A Coru\u00f1a Coliseum 24 Junio 2021<br>27 Junio Zaragoza Estadio de la Romareda 26 Junio 2021<br>2 Julio Benidorm Estadio Municipal Guillermo Amor 30 Junio 2021<br>4 Julio Fuengirola Marenostrum Fuengirola 3 Julio 2021<br>5 Julio Fuengirola Marenostrum Fuengirola 2 Julio 2021<br>11 Julio C\u00e1diz Estadio Ram\u00f3n de Carranza 10 Julio 2021<br>12 Julio C\u00e1diz Estadio Ram\u00f3n de Carranza 9 Julio 2021<br>17 Julio Bilbao Kobetamendi 16 Julio 2021<br>23 Julio Tenerife Campo de Golf Costa Adeje tbc<br>25 Julio La Palma Recinto Central Fiestas Lustrales tbc<\/p>\n\n\n\n<p class=\"has-text-align-left\"><br>Agradecemos la comprensi\u00f3n y apoyo que nos hab\u00e9is trasladado en estas \u00faltimas semanas ante estos momentos de incertidumbre y estamos seguros de que el reencuentro va a ser mejor.<\/p>\n\n\n\n<p>M\u00e1s informaci\u00f3n en <a href=\"https:\/\/www.alejandrosanz.com\/home\">www.alejandrosanz.com<\/a><\/p>\n","protected":false},"excerpt":{"rendered":"<p>COMUNICADO MOW MANAGEMENT, GTS y las empresas promotoras de los conciertos de #LaGira de Alejandro Sanz en Espa\u00f1a informan que, debido a la situaci\u00f3n de emergencia nacional sanitaria provocada por el Covid-19, y a la nueva normativa para espect\u00e1culos dictada por las autoridades competentes, las fechas de los conciertos que ten\u00edan previstollevarse a cabo entre [&hellip;]<\/p>\n","protected":false},"author":2,"featured_media":3274,"comment_status":"closed","ping_status":"open","sticky":false,"template":"","format":"standard","meta":{"footnotes":""},"categories":[24,27],"tags":[130,40,43,42],"class_list":["post-2967","post","type-post","status-publish","format-standard","has-post-thumbnail","hentry","category-conciertos1","category-noticias","tag-lagira","tag-alejandro-sanz","tag-l-a-rock","tag-l-a-rock-entertainment"],"_links":{"self":[{"href":"https:\/\/larock.com.es\/site\/wp-json\/wp\/v2\/posts\/2967","targetHints":{"allow":["GET"]}}],"collection":[{"href":"https:\/\/larock.com.es\/site\/wp-json\/wp\/v2\/posts"}],"about":[{"href":"https:\/\/larock.com.es\/site\/wp-json\/wp\/v2\/types\/post"}],"author":[{"embeddable":true,"href":"https:\/\/larock.com.es\/site\/wp-json\/wp\/v2\/users\/2"}],"replies":[{"embeddable":true,"href":"https:\/\/larock.com.es\/site\/wp-json\/wp\/v2\/comments?post=2967"}],"version-history":[{"count":4,"href":"https:\/\/larock.com.es\/site\/wp-json\/wp\/v2\/posts\/2967\/revisions"}],"predecessor-version":[{"id":3282,"href":"https:\/\/larock.com.es\/site\/wp-json\/wp\/v2\/posts\/2967\/revisions\/3282"}],"wp:featuredmedia":[{"embeddable":true,"href":"https:\/\/larock.com.es\/site\/wp-json\/wp\/v2\/media\/3274"}],"wp:attachment":[{"href":"https:\/\/larock.com.es\/site\/wp-json\/wp\/v2\/media?parent=2967"}],"wp:term":[{"taxonomy":"category","embeddable":true,"href":"https:\/\/larock.com.es\/site\/wp-json\/wp\/v2\/categories?post=2967"},{"taxonomy":"post_tag","embeddable":true,"href":"https:\/\/larock.com.es\/site\/wp-json\/wp\/v2\/tags?post=2967"}],"curies":[{"name":"wp","href":"https:\/\/api.w.org\/{rel}","templated":true}]}}