{"id":2956,"date":"2020-05-19T09:03:17","date_gmt":"2020-05-19T09:03:17","guid":{"rendered":"http:\/\/larock.com.es\/site\/?p=2956"},"modified":"2022-01-05T18:34:57","modified_gmt":"2022-01-05T18:34:57","slug":"ultra-beach-costa-del-sol-2020-aplazado","status":"publish","type":"post","link":"https:\/\/larock.com.es\/site\/2020\/05\/19\/ultra-beach-costa-del-sol-2020-aplazado\/","title":{"rendered":"ULTRA BEACH COSTA DEL SOL 2020 APLAZADO"},"content":{"rendered":"\n<h2 class=\"wp-block-heading\">COMUNICADO<\/h2>\n\n\n\n<p>Queridos Ultranautas,<\/p>\n\n\n\n<p>Sentimos comunicar que, debido a la pandemia en curso derivada de COVID-19, la primera edici\u00f3n del Ultra Beach Costa del Sol originalmente programada para el 13 de junio de 2020, ha sido aplazada para el 21 de agosto de 2021, en el mismo lugar, Marenostrum en la Costa del Sol.<\/p>\n\n\n\n<p>La crisis de salud actual es una situaci\u00f3n sin precedentes, y no hay mayor prioridad para nosotros que la salud, la seguridad y el bienestar f\u00edsico de todos nuestros fans, as\u00ed como de todos los involucrados en la producci\u00f3n del evento.<\/p>\n\n\n\n<p>Las entradas seguir\u00e1n siendo v\u00e1lidas y tendr\u00e1n beneficios para su uso en el evento aplazado. Alternativamente, si no puedes asistir, tienes la posibilidad de solicitar un reembolso. Todos los compradores ser\u00e1n contactados por correo electr\u00f3nico con m\u00e1s informaci\u00f3n de c\u00f3mo tramitar su elecci\u00f3n.<\/p>\n\n\n\n<p>A medida que seguimos avanzando en esta crisis sanitaria actual, queremos animar junto con las autoridades a todos nuestros fans a quedarse en casa, lavarse las manos, mantener el distanciamiento social y ser solidarios los unos con los otros. \u00a1Esperamos verte en Ultra Beach Costa del Sol!<\/p>\n\n\n\n<p>El equipo de Ultra Beach Costa del Sol.<\/p>\n","protected":false},"excerpt":{"rendered":"<p>COMUNICADO Queridos Ultranautas, Sentimos comunicar que, debido a la pandemia en curso derivada de COVID-19, la primera edici\u00f3n del Ultra Beach Costa del Sol originalmente programada para el 13 de junio de 2020, ha sido aplazada para el 21 de agosto de 2021, en el mismo lugar, Marenostrum en la Costa del Sol. La crisis [&hellip;]<\/p>\n","protected":false},"author":2,"featured_media":3310,"comment_status":"closed","ping_status":"open","sticky":false,"template":"","format":"standard","meta":{"footnotes":""},"categories":[25,27],"tags":[43,42,36,37,129,128],"class_list":["post-2956","post","type-post","status-publish","format-standard","has-post-thumbnail","hentry","category-festivales","category-noticias","tag-l-a-rock","tag-l-a-rock-entertainment","tag-marenostrum","tag-marenostrum-fuengirola","tag-ultra-beach","tag-ultra-beach-costa-del-sol"],"_links":{"self":[{"href":"https:\/\/larock.com.es\/site\/wp-json\/wp\/v2\/posts\/2956","targetHints":{"allow":["GET"]}}],"collection":[{"href":"https:\/\/larock.com.es\/site\/wp-json\/wp\/v2\/posts"}],"about":[{"href":"https:\/\/larock.com.es\/site\/wp-json\/wp\/v2\/types\/post"}],"author":[{"embeddable":true,"href":"https:\/\/larock.com.es\/site\/wp-json\/wp\/v2\/users\/2"}],"replies":[{"embeddable":true,"href":"https:\/\/larock.com.es\/site\/wp-json\/wp\/v2\/comments?post=2956"}],"version-history":[{"count":4,"href":"https:\/\/larock.com.es\/site\/wp-json\/wp\/v2\/posts\/2956\/revisions"}],"predecessor-version":[{"id":3311,"href":"https:\/\/larock.com.es\/site\/wp-json\/wp\/v2\/posts\/2956\/revisions\/3311"}],"wp:featuredmedia":[{"embeddable":true,"href":"https:\/\/larock.com.es\/site\/wp-json\/wp\/v2\/media\/3310"}],"wp:attachment":[{"href":"https:\/\/larock.com.es\/site\/wp-json\/wp\/v2\/media?parent=2956"}],"wp:term":[{"taxonomy":"category","embeddable":true,"href":"https:\/\/larock.com.es\/site\/wp-json\/wp\/v2\/categories?post=2956"},{"taxonomy":"post_tag","embeddable":true,"href":"https:\/\/larock.com.es\/site\/wp-json\/wp\/v2\/tags?post=2956"}],"curies":[{"name":"wp","href":"https:\/\/api.w.org\/{rel}","templated":true}]}}