{"id":2953,"date":"2020-07-06T08:52:51","date_gmt":"2020-07-06T08:52:51","guid":{"rendered":"http:\/\/larock.com.es\/site\/?p=2953"},"modified":"2022-01-05T18:34:15","modified_gmt":"2022-01-05T18:34:15","slug":"snarky-puppy-cancela-su-gira-espanola-de-2020","status":"publish","type":"post","link":"https:\/\/larock.com.es\/site\/2020\/07\/06\/snarky-puppy-cancela-su-gira-espanola-de-2020\/","title":{"rendered":"SNARKY PUPPY CANCELA SU GIRA ESPA\u00d1OLA DE 2020"},"content":{"rendered":"\n<p><strong>Lamentamos comunicar la cancelaci\u00f3n definitiva de nuestra gira en Espa\u00f1a en 2020.<\/strong><\/p>\n\n\n\n<p>Barcelona 29 de Agosto \u2013 Sala Razzmatazz<br>Madrid 30 de Agosto \u2013 Sala La Riviera<\/p>\n\n\n\n<p>Promotores, Oficina y la propia banda hemos trabajado conjuntamente para poder realizar los conciertos en las fechas anunciadas, pero razones de operativa log\u00edstica y normativa actual, hacen imposible realizar los conciertos tal y como ten\u00edamos previstos.<\/p>\n\n\n\n<p>Sentimos mucho las molestias que pudi\u00e9ramos causar. Volveremos tan pronto como podamos y las medidas de seguridad nos lo permitan.<\/p>\n\n\n\n<p>Agradecemos, el cari\u00f1o y la comprensi\u00f3n. Deseamos que os cuid\u00e9is y volvamos a vernos en 2021.<\/p>\n\n\n\n<p>Las entradas ser\u00e1n reembolsadas por el canal de compra de Ticketmaster Espa\u00f1a en el menor tiempo posible, sin la necesidad de realizar ning\u00fan tr\u00e1mite.<\/p>\n","protected":false},"excerpt":{"rendered":"<p>Lamentamos comunicar la cancelaci\u00f3n definitiva de nuestra gira en Espa\u00f1a en 2020. Barcelona 29 de Agosto \u2013 Sala RazzmatazzMadrid 30 de Agosto \u2013 Sala La Riviera Promotores, Oficina y la propia banda hemos trabajado conjuntamente para poder realizar los conciertos en las fechas anunciadas, pero razones de operativa log\u00edstica y normativa actual, hacen imposible realizar [&hellip;]<\/p>\n","protected":false},"author":2,"featured_media":3306,"comment_status":"closed","ping_status":"open","sticky":false,"template":"","format":"standard","meta":{"footnotes":""},"categories":[24,27],"tags":[43,42,126,127,125],"class_list":["post-2953","post","type-post","status-publish","format-standard","has-post-thumbnail","hentry","category-conciertos1","category-noticias","tag-l-a-rock","tag-l-a-rock-entertainment","tag-michael-league","tag-pdr-mais","tag-snarky-puppy"],"_links":{"self":[{"href":"https:\/\/larock.com.es\/site\/wp-json\/wp\/v2\/posts\/2953","targetHints":{"allow":["GET"]}}],"collection":[{"href":"https:\/\/larock.com.es\/site\/wp-json\/wp\/v2\/posts"}],"about":[{"href":"https:\/\/larock.com.es\/site\/wp-json\/wp\/v2\/types\/post"}],"author":[{"embeddable":true,"href":"https:\/\/larock.com.es\/site\/wp-json\/wp\/v2\/users\/2"}],"replies":[{"embeddable":true,"href":"https:\/\/larock.com.es\/site\/wp-json\/wp\/v2\/comments?post=2953"}],"version-history":[{"count":4,"href":"https:\/\/larock.com.es\/site\/wp-json\/wp\/v2\/posts\/2953\/revisions"}],"predecessor-version":[{"id":3309,"href":"https:\/\/larock.com.es\/site\/wp-json\/wp\/v2\/posts\/2953\/revisions\/3309"}],"wp:featuredmedia":[{"embeddable":true,"href":"https:\/\/larock.com.es\/site\/wp-json\/wp\/v2\/media\/3306"}],"wp:attachment":[{"href":"https:\/\/larock.com.es\/site\/wp-json\/wp\/v2\/media?parent=2953"}],"wp:term":[{"taxonomy":"category","embeddable":true,"href":"https:\/\/larock.com.es\/site\/wp-json\/wp\/v2\/categories?post=2953"},{"taxonomy":"post_tag","embeddable":true,"href":"https:\/\/larock.com.es\/site\/wp-json\/wp\/v2\/tags?post=2953"}],"curies":[{"name":"wp","href":"https:\/\/api.w.org\/{rel}","templated":true}]}}