{"id":2950,"date":"2020-03-20T08:51:07","date_gmt":"2020-03-20T08:51:07","guid":{"rendered":"http:\/\/larock.com.es\/site\/?p=2950"},"modified":"2022-01-05T18:34:05","modified_gmt":"2022-01-05T18:34:05","slug":"snarky-puppy-aplaza-su-gira-espanola-de-2020","status":"publish","type":"post","link":"https:\/\/larock.com.es\/site\/2020\/03\/20\/snarky-puppy-aplaza-su-gira-espanola-de-2020\/","title":{"rendered":"SNARKY PUPPY APLAZA SU GIRA ESPA\u00d1OLA DE 2020"},"content":{"rendered":"\n<p>En estos momentos delicados queremos agradecer la paciencia y la comprensi\u00f3n que nos hab\u00e9is demostrado en los \u00faltimos d\u00edas. En el esfuerzo com\u00fan para frenar la pandemia, nos hemos visto obligados a cancelar y posponer gran n\u00famero de las actuaciones que ten\u00edamos previstas dentro de nuestra gira europea.<\/p>\n\n\n\n<p>Promotores, Oficina y la propia banda hemos trabajado durante los \u00faltimos d\u00edas para poder planificar de nuevo todas las fechas.<\/p>\n\n\n\n<p><strong>APLAZAMOS los conciertos de Barcelona y Madrid al 29 y 30 de agosto de 2020,<\/strong> respectivamente. Las entradas ya adquiridas tendr\u00e1n validez para las nuevas fechas, igualmente se abre el periodo de devoluci\u00f3n a trav\u00e9s del canal de<br>venta de compra de Ticketmaster Espa\u00f1a. <\/p>\n\n\n\n<p>Sentimos mucho la <strong>CANCELACI\u00d3N del 27 de marzo en Bilbao<\/strong>, por el momento no hemos encontrado una alternativa a corto plazo, pero trabajaremos para poder devolver la visita muy pronto. Las entradas ser\u00e1n reembolsadas por el canal de compra de Ticketmaster Espa\u00f1a en el menor tiempo posible dadas las circunstancias.<\/p>\n","protected":false},"excerpt":{"rendered":"<p>En estos momentos delicados queremos agradecer la paciencia y la comprensi\u00f3n que nos hab\u00e9is demostrado en los \u00faltimos d\u00edas. En el esfuerzo com\u00fan para frenar la pandemia, nos hemos visto obligados a cancelar y posponer gran n\u00famero de las actuaciones que ten\u00edamos previstas dentro de nuestra gira europea. Promotores, Oficina y la propia banda hemos [&hellip;]<\/p>\n","protected":false},"author":2,"featured_media":3306,"comment_status":"closed","ping_status":"open","sticky":false,"template":"","format":"standard","meta":{"footnotes":""},"categories":[24,27],"tags":[43,42,126,127,125],"class_list":["post-2950","post","type-post","status-publish","format-standard","has-post-thumbnail","hentry","category-conciertos1","category-noticias","tag-l-a-rock","tag-l-a-rock-entertainment","tag-michael-league","tag-pdr-mais","tag-snarky-puppy"],"_links":{"self":[{"href":"https:\/\/larock.com.es\/site\/wp-json\/wp\/v2\/posts\/2950","targetHints":{"allow":["GET"]}}],"collection":[{"href":"https:\/\/larock.com.es\/site\/wp-json\/wp\/v2\/posts"}],"about":[{"href":"https:\/\/larock.com.es\/site\/wp-json\/wp\/v2\/types\/post"}],"author":[{"embeddable":true,"href":"https:\/\/larock.com.es\/site\/wp-json\/wp\/v2\/users\/2"}],"replies":[{"embeddable":true,"href":"https:\/\/larock.com.es\/site\/wp-json\/wp\/v2\/comments?post=2950"}],"version-history":[{"count":4,"href":"https:\/\/larock.com.es\/site\/wp-json\/wp\/v2\/posts\/2950\/revisions"}],"predecessor-version":[{"id":3308,"href":"https:\/\/larock.com.es\/site\/wp-json\/wp\/v2\/posts\/2950\/revisions\/3308"}],"wp:featuredmedia":[{"embeddable":true,"href":"https:\/\/larock.com.es\/site\/wp-json\/wp\/v2\/media\/3306"}],"wp:attachment":[{"href":"https:\/\/larock.com.es\/site\/wp-json\/wp\/v2\/media?parent=2950"}],"wp:term":[{"taxonomy":"category","embeddable":true,"href":"https:\/\/larock.com.es\/site\/wp-json\/wp\/v2\/categories?post=2950"},{"taxonomy":"post_tag","embeddable":true,"href":"https:\/\/larock.com.es\/site\/wp-json\/wp\/v2\/tags?post=2950"}],"curies":[{"name":"wp","href":"https:\/\/api.w.org\/{rel}","templated":true}]}}