{"id":2944,"date":"2020-02-28T08:45:54","date_gmt":"2020-02-28T08:45:54","guid":{"rendered":"http:\/\/larock.com.es\/site\/?p=2944"},"modified":"2022-01-05T18:33:53","modified_gmt":"2022-01-05T18:33:53","slug":"snarky-puppy-en-madrid","status":"publish","type":"post","link":"https:\/\/larock.com.es\/site\/2020\/02\/28\/snarky-puppy-en-madrid\/","title":{"rendered":"SNARKY PUPPY EN MADRID"},"content":{"rendered":"\n<p><strong>La formaci\u00f3n con sede en Brooklyn (NY) desembarca el pr\u00f3ximo 25 de marzo en la sala La Riviera.<\/strong><\/p>\n\n\n\n<p>El combo liderado por el bajista, compositor y director de orquesta <strong>Michael League<\/strong> regresa a Madrid dentro del European Tour 2020. Con tres Premios Grammys certificando su exquisita propuesta (Mejor interpretaci\u00f3n R&amp;B en<br>2014 y Mejor \u00c1lbum Contempor\u00e1neo Instrumental en 2016 y 2017) y el respeto de los grandes m\u00fasicos del Jazz y la World Music, \u00e9ste colectivo de virtuosos m\u00fasicos navega entre g\u00e9neros como el Jazz, el Funk o sonidos procedentes de Rock, exhibiendo una delicada y sofisticada composici\u00f3n y armon\u00eda, marcadas siempre con la genialidad de su capacidad de improvisaci\u00f3n.<\/p>\n\n\n\n<p><strong>Snarky Puppy<\/strong> son una banda de 30 extraordinarios m\u00fasicos, conocidos cari\u00f1osamente como <strong>The Fam <\/strong>(la familia), que dibujan un gigantesco mapa de nacionalidades diferentes. Ra\u00edces culturales que aderezan a una formaci\u00f3n de 8 a 12 m\u00fasicos en continua rotaci\u00f3n, mostrando un espect\u00e1culo en permanente crecimiento creativo.<\/p>\n\n\n\n<p>La vivencia de cada concierto presenta una experiencia \u00fanica e irrepetible, basada en la experimentaci\u00f3n de nuevos l\u00edmites musicales y el goce del encuentro de m\u00fasicos que son capaces de descubrirse m\u00e1s all\u00e1 de etiquetas y g\u00e9neros.<\/p>\n\n\n\n<p>Durante la gira europea les acompa\u00f1an y preceden en cada actuaci\u00f3n, los brasile\u00f1os<strong> PRD Mais<\/strong>, el colectivo procedente de Pandeiro Repique Duo (PRD) liderado por Bernardo Aguiar y Gabriel Policarpo, dos j\u00f3venes pero destacados percusionistas que exploran los ritmos de instrumentos tradicionales y los llevan a los sonidos m\u00e1s actuales.<\/p>\n\n\n\n<p>SNARKY PUPPY + PRD MAIS<br>25 DE MARZO DE 2020<br>SALA LA RIVIERA (Paseo Bajo dela Virgen de Puerto)<br>Concierto: 21:30h<br>Apertura de Puertas: 20:30h<br>ENTRADAS A LA VENTA EN TICKETMASTER.ES<\/p>\n","protected":false},"excerpt":{"rendered":"<p>La formaci\u00f3n con sede en Brooklyn (NY) desembarca el pr\u00f3ximo 25 de marzo en la sala La Riviera. El combo liderado por el bajista, compositor y director de orquesta Michael League regresa a Madrid dentro del European Tour 2020. Con tres Premios Grammys certificando su exquisita propuesta (Mejor interpretaci\u00f3n R&amp;B en2014 y Mejor \u00c1lbum Contempor\u00e1neo [&hellip;]<\/p>\n","protected":false},"author":2,"featured_media":3306,"comment_status":"closed","ping_status":"open","sticky":false,"template":"","format":"standard","meta":{"footnotes":""},"categories":[24,27],"tags":[43,42,126,127,125],"class_list":["post-2944","post","type-post","status-publish","format-standard","has-post-thumbnail","hentry","category-conciertos1","category-noticias","tag-l-a-rock","tag-l-a-rock-entertainment","tag-michael-league","tag-pdr-mais","tag-snarky-puppy"],"_links":{"self":[{"href":"https:\/\/larock.com.es\/site\/wp-json\/wp\/v2\/posts\/2944","targetHints":{"allow":["GET"]}}],"collection":[{"href":"https:\/\/larock.com.es\/site\/wp-json\/wp\/v2\/posts"}],"about":[{"href":"https:\/\/larock.com.es\/site\/wp-json\/wp\/v2\/types\/post"}],"author":[{"embeddable":true,"href":"https:\/\/larock.com.es\/site\/wp-json\/wp\/v2\/users\/2"}],"replies":[{"embeddable":true,"href":"https:\/\/larock.com.es\/site\/wp-json\/wp\/v2\/comments?post=2944"}],"version-history":[{"count":5,"href":"https:\/\/larock.com.es\/site\/wp-json\/wp\/v2\/posts\/2944\/revisions"}],"predecessor-version":[{"id":3307,"href":"https:\/\/larock.com.es\/site\/wp-json\/wp\/v2\/posts\/2944\/revisions\/3307"}],"wp:featuredmedia":[{"embeddable":true,"href":"https:\/\/larock.com.es\/site\/wp-json\/wp\/v2\/media\/3306"}],"wp:attachment":[{"href":"https:\/\/larock.com.es\/site\/wp-json\/wp\/v2\/media?parent=2944"}],"wp:term":[{"taxonomy":"category","embeddable":true,"href":"https:\/\/larock.com.es\/site\/wp-json\/wp\/v2\/categories?post=2944"},{"taxonomy":"post_tag","embeddable":true,"href":"https:\/\/larock.com.es\/site\/wp-json\/wp\/v2\/tags?post=2944"}],"curies":[{"name":"wp","href":"https:\/\/api.w.org\/{rel}","templated":true}]}}