{"id":2940,"date":"2020-06-04T08:38:37","date_gmt":"2020-06-04T08:38:37","guid":{"rendered":"http:\/\/larock.com.es\/site\/?p=2940"},"modified":"2022-01-05T18:29:05","modified_gmt":"2022-01-05T18:29:05","slug":"luna-sur-festival-2020-se-cancela","status":"publish","type":"post","link":"https:\/\/larock.com.es\/site\/2020\/06\/04\/luna-sur-festival-2020-se-cancela\/","title":{"rendered":"LUNA SUR FESTIVAL 2020 SE CANCELA"},"content":{"rendered":"\n<h2 class=\"wp-block-heading\">COMUNICADO<\/h2>\n\n\n\n<p>Desde los \u00faltimos meses, tras la declaraci\u00f3n del Estado de Alarma causado por la terrible pandemia que ha provocado el COVID19, la organizaci\u00f3n de Luna Sur Fuengirola Summer Festival, hemos estado trabajando y valorando las posibilidades de adaptaci\u00f3n a la normativa de seguridad que se nos presentaba en cada momento. Nuestra prioridad es la salud y la seguridad de p\u00fablico, artistas, equipos t\u00e9cnicos y personal de la organizaci\u00f3n y del recinto. Por ello, y ante la incertidumbre de lo que viviremos en las pr\u00f3ximas fechas, hemos tomado la dif\u00edcil pero necesaria decisi\u00f3n de <strong>cancelar LUNA SUR FESTIVAL<\/strong>.<\/p>\n\n\n\n<p>En la que iba a ser nuestra primera edici\u00f3n nos sentimos muy agradecidos por la acogida del evento. Volveremos muy pronto, pero queremos hacerlo con la compa\u00f1\u00eda de los artistas que se hab\u00edan sumado al cartel y los que estaban por anunciar, y para ello debemos reestructurar las fechas de cara a una pr\u00f3xima edici\u00f3n, por lo que por ahora no nos permite aplazar el festival con el cien por cien del cartel. <\/p>\n\n\n\n<p><strong>Las entradas adquiridas a trav\u00e9s de Ticketmaster se reembolsar\u00e1n en los pr\u00f3ximos d\u00edas<\/strong> por el mismo m\u00e9todo de pago. Para cualquier consulta pod\u00e9is contactar en https:\/\/help.ticketmaster.es\/. Sentimos los inconvenientes que se hayan podido causar, es nuestro deseo poder ofrecer un festival de calidad en un futuro pr\u00f3ximo. <\/p>\n\n\n\n<p>Agradecemos una vez m\u00e1s, el calor y la compresi\u00f3n del p\u00fablico, la colaboraci\u00f3n y excelente trabajo de Marenostrum Fuengirola y todas y cada una de las oficinas de management, as\u00ed como de todos los artistas.<\/p>\n\n\n\n<p>Enviamos todos nuestros \u00e1nimos a quienes hay\u00e1is sufrido cerca la enfermedad y en nuestro recuerdo los que se fueron luchando. Mucha salud para todos y todas. <strong>Luna Sur Festival brillar\u00e1 en Marenostrum Fuengirola en 2021<\/strong>.<\/p>\n\n\n\n<p>Hasta pronto.<\/p>\n","protected":false},"excerpt":{"rendered":"<p>COMUNICADO Desde los \u00faltimos meses, tras la declaraci\u00f3n del Estado de Alarma causado por la terrible pandemia que ha provocado el COVID19, la organizaci\u00f3n de Luna Sur Fuengirola Summer Festival, hemos estado trabajando y valorando las posibilidades de adaptaci\u00f3n a la normativa de seguridad que se nos presentaba en cada momento. Nuestra prioridad es la [&hellip;]<\/p>\n","protected":false},"author":2,"featured_media":3299,"comment_status":"closed","ping_status":"open","sticky":false,"template":"","format":"standard","meta":{"footnotes":""},"categories":[25,27],"tags":[43,42,123,124],"class_list":["post-2940","post","type-post","status-publish","format-standard","has-post-thumbnail","hentry","category-festivales","category-noticias","tag-l-a-rock","tag-l-a-rock-entertainment","tag-luna-sur","tag-luna-sur-festival"],"_links":{"self":[{"href":"https:\/\/larock.com.es\/site\/wp-json\/wp\/v2\/posts\/2940","targetHints":{"allow":["GET"]}}],"collection":[{"href":"https:\/\/larock.com.es\/site\/wp-json\/wp\/v2\/posts"}],"about":[{"href":"https:\/\/larock.com.es\/site\/wp-json\/wp\/v2\/types\/post"}],"author":[{"embeddable":true,"href":"https:\/\/larock.com.es\/site\/wp-json\/wp\/v2\/users\/2"}],"replies":[{"embeddable":true,"href":"https:\/\/larock.com.es\/site\/wp-json\/wp\/v2\/comments?post=2940"}],"version-history":[{"count":4,"href":"https:\/\/larock.com.es\/site\/wp-json\/wp\/v2\/posts\/2940\/revisions"}],"predecessor-version":[{"id":3300,"href":"https:\/\/larock.com.es\/site\/wp-json\/wp\/v2\/posts\/2940\/revisions\/3300"}],"wp:featuredmedia":[{"embeddable":true,"href":"https:\/\/larock.com.es\/site\/wp-json\/wp\/v2\/media\/3299"}],"wp:attachment":[{"href":"https:\/\/larock.com.es\/site\/wp-json\/wp\/v2\/media?parent=2940"}],"wp:term":[{"taxonomy":"category","embeddable":true,"href":"https:\/\/larock.com.es\/site\/wp-json\/wp\/v2\/categories?post=2940"},{"taxonomy":"post_tag","embeddable":true,"href":"https:\/\/larock.com.es\/site\/wp-json\/wp\/v2\/tags?post=2940"}],"curies":[{"name":"wp","href":"https:\/\/api.w.org\/{rel}","templated":true}]}}