{"id":2925,"date":"2020-05-06T08:14:06","date_gmt":"2020-05-06T08:14:06","guid":{"rendered":"http:\/\/larock.com.es\/site\/?p=2925"},"modified":"2022-01-05T18:27:53","modified_gmt":"2022-01-05T18:27:53","slug":"cantajuego-presenta-abre-tu-ventana-fuengirola-2020","status":"publish","type":"post","link":"https:\/\/larock.com.es\/site\/2020\/05\/06\/cantajuego-presenta-abre-tu-ventana-fuengirola-2020\/","title":{"rendered":"CANTAJUEGO PRESENTA \u00abABRE TU VENTANA\u00bb &#8211; FUENGIROLA 2020"},"content":{"rendered":"\n<p><strong>CantaJuego <\/strong>se une al apoyo a las familias, que son parte fundamental, para frenar juntos la expansi\u00f3n de la pandemia que estamos viviendo en estos d\u00edas.<\/p>\n\n\n\n<p>Para agradecer y apoyar a todas esas familias, CantaJuego presenta junto a <strong>Ibercaja<\/strong> y el <strong>Excmo. Ayuntamiento de Madrid<\/strong>, <strong>CantaJuego Abre Tu Ventana<\/strong>, un innovador espect\u00e1culo con contenido especial, que circular\u00e1 durante el pr\u00f3ximo <strong>9 de Mayo<\/strong>, por los las calles de <strong>Fuengirola<\/strong>, a trav\u00e9s de pantallas sobre una estructura m\u00f3vil de la que podr\u00e1n disfrutar desde sus ventanas y balcones miles de familias.<\/p>\n\n\n\n<p>&nbsp;El contenido audiovisual se ha realizado especialmente para estos momentos y cuenta con un formato interactivo para que los ni\u00f1os y ni\u00f1as puedan cantar y bailar desde sus casas y desde las calles, con los personajes que tanto les gustan. El itinerario contar\u00e1 con paradas espec\u00edficas con el fin de poder entretener, divertir y apoyar a este peque\u00f1o gran colectivo que ha demostrado su enorme lucha contra esta pandemia desde sus hogares, y ahora tambi\u00e9n en el ejemplar comportamiento que est\u00e1n teniendo en las fases de desescaladas.<\/p>\n\n\n\n<p>Durante m\u00e1s de 15 a\u00f1os de trayectoria, <strong>CantaJuego<\/strong> ha recibido el cari\u00f1o de millones de familias a lo largo de una gran cantidad de pa\u00edses. Actualmente est\u00e1n inmersos en la presentaci\u00f3n de su nuevo espect\u00e1culo \u201cTe Extiendo Mi Mano\u201d, en una extensa gira que se ha visto aplazada en estas semanas, pero que retomar\u00e1n en cuanto las medidas sanitarias lo permitan, al igual que su espect\u00e1culo \u201cEl Circo del Payaso Tallar\u00edn\u201d, fijo en el Teatro Reina Victoria de Madrid.<\/p>\n\n\n\n<p>Desde que se decretaron las medidas de confinamiento, las redes sociales y los medios de comunicaci\u00f3n han dado buena cuenta de la alegr\u00eda que aportan las canciones de CantaJuego, las redes sociales se han inundado de v\u00eddeos de los m\u00e1s peque\u00f1os, sobrellevando su estancia en casa, a ritmos y bailes de sus personajes favoritos. Tambi\u00e9n los medios se han hecho eco de acciones protagonizadas por Cuerpos de Seguridad del Estado, que desde sus veh\u00edculos animaban a los ni\u00f1os con temas del repertorio infantil como <a href=\"https:\/\/www.youtube.com\/watch?v=r5X7bipzvt8\"><em>Chuchuw\u00e1<\/em><\/a><em> <\/em>o <em>Soy Una Taza<\/em>.<\/p>\n","protected":false},"excerpt":{"rendered":"<p>CantaJuego se une al apoyo a las familias, que son parte fundamental, para frenar juntos la expansi\u00f3n de la pandemia que estamos viviendo en estos d\u00edas. Para agradecer y apoyar a todas esas familias, CantaJuego presenta junto a Ibercaja y el Excmo. Ayuntamiento de Madrid, CantaJuego Abre Tu Ventana, un innovador espect\u00e1culo con contenido especial, [&hellip;]<\/p>\n","protected":false},"author":2,"featured_media":3294,"comment_status":"closed","ping_status":"open","sticky":false,"template":"","format":"standard","meta":{"footnotes":""},"categories":[26,27],"tags":[122,49,43,42],"class_list":["post-2925","post","type-post","status-publish","format-standard","has-post-thumbnail","hentry","category-espectaculos","category-noticias","tag-abre-tu-ventana","tag-cantajuego","tag-l-a-rock","tag-l-a-rock-entertainment"],"_links":{"self":[{"href":"https:\/\/larock.com.es\/site\/wp-json\/wp\/v2\/posts\/2925","targetHints":{"allow":["GET"]}}],"collection":[{"href":"https:\/\/larock.com.es\/site\/wp-json\/wp\/v2\/posts"}],"about":[{"href":"https:\/\/larock.com.es\/site\/wp-json\/wp\/v2\/types\/post"}],"author":[{"embeddable":true,"href":"https:\/\/larock.com.es\/site\/wp-json\/wp\/v2\/users\/2"}],"replies":[{"embeddable":true,"href":"https:\/\/larock.com.es\/site\/wp-json\/wp\/v2\/comments?post=2925"}],"version-history":[{"count":5,"href":"https:\/\/larock.com.es\/site\/wp-json\/wp\/v2\/posts\/2925\/revisions"}],"predecessor-version":[{"id":3295,"href":"https:\/\/larock.com.es\/site\/wp-json\/wp\/v2\/posts\/2925\/revisions\/3295"}],"wp:featuredmedia":[{"embeddable":true,"href":"https:\/\/larock.com.es\/site\/wp-json\/wp\/v2\/media\/3294"}],"wp:attachment":[{"href":"https:\/\/larock.com.es\/site\/wp-json\/wp\/v2\/media?parent=2925"}],"wp:term":[{"taxonomy":"category","embeddable":true,"href":"https:\/\/larock.com.es\/site\/wp-json\/wp\/v2\/categories?post=2925"},{"taxonomy":"post_tag","embeddable":true,"href":"https:\/\/larock.com.es\/site\/wp-json\/wp\/v2\/tags?post=2925"}],"curies":[{"name":"wp","href":"https:\/\/api.w.org\/{rel}","templated":true}]}}