{"id":1847,"date":"2020-05-08T08:39:35","date_gmt":"2020-05-08T08:39:35","guid":{"rendered":"http:\/\/larock.com.es\/site\/?p=1847"},"modified":"2022-01-05T17:54:47","modified_gmt":"2022-01-05T17:54:47","slug":"cambio-de-fecha-en-los-conciertos-de-alejandro-sanz-en-marenostrum-fuengirola","status":"publish","type":"post","link":"https:\/\/larock.com.es\/site\/2020\/05\/08\/cambio-de-fecha-en-los-conciertos-de-alejandro-sanz-en-marenostrum-fuengirola\/","title":{"rendered":"CAMBIO DE FECHA EN LOS CONCIERTOS DE ALEJANDRO SANZ EN MARENOSTRUM FUENGIROLA"},"content":{"rendered":"<p><iframe loading=\"lazy\" title=\"Alejandro Sanz - #LaGira2021\" width=\"1150\" height=\"647\" src=\"https:\/\/www.youtube.com\/embed\/JaqfKOVueao?feature=oembed\" frameborder=\"0\" allow=\"accelerometer; autoplay; clipboard-write; encrypted-media; gyroscope; picture-in-picture\" allowfullscreen><\/iframe><\/p>\n<h3 style=\"text-align: justify;\"><strong>COMUNICADO<\/strong><\/h3>\n<p style=\"text-align: justify;\">MOW MANAGEMENT, GTS y las empresas promotoras de los conciertos de #LaGira de Alejandro Sanz en Fuengirola, CONCERT TOUR, L.A. ROCK y MARENOSTRUM FUEGIROLA, informan que, debido a la situacio\u0301n de emergencia nacional sanitaria provocada por el Covid-19, y a la nueva normativa para especta\u0301culos dictada por las autoridades competentes, las fechas de los conciertos que teni\u0301an previsto llevarse a cabo entre los meses de junio y julio de 2020 se aplazan a 2021.<\/p>\n<p style=\"text-align: justify;\">La prioridad ma\u0301xima para Alejandro Sanz y su equipo, es preservar la salud de los asistentes a los conciertos y de las personas que participan en el desarrollo de los mismos, asi\u0301 como velar por el bienestar general, respetando las medidas adoptadas por el Ministerio de Sanidad.<\/p>\n<p style=\"text-align: justify;\">Como manifestaba el propio artista en un mensaje dirigido a sus seguidores:<br>\u00abSe retrasan las fechas, pero las ganas siguen intactas. Lo primero para mi, es vuestra seguridad y quiero que cuando volvamos a un concierto, podamos ir con toda la tranquilidad del mundo, que podamos estar juntos y disfrutar de la mu\u0301sica como siempre lo hemos hecho. Os pido paciencia y os prometo unos shows que no olvidare\u0301is jama\u0301s\u00bb.<\/p>\n<p style=\"text-align: justify;\">Los cambios de fechas para celebrar los dos conciertos que el artista ten\u00eda previstos este mes de julio en Fuengirola son las siguientes:<\/p>\n<p style=\"text-align: justify;\"><strong>\u2022 S\u00e1bado 4 de julio de 2020. Fecha de cambio confirmada: s\u00e1bado 3 de Julio de 2021.<\/strong><br><strong>\u2022 Domingo 5 de julio de 2020. Fecha de cambio confirmada: viernes 2 de Julio de 2021.<\/strong><\/p>\n<p style=\"text-align: justify;\"><strong>Las entradas adquiridas a trave\u0301s de los puntos de venta oficiales sera\u0301n va\u0301lidas para las nuevas fechas, sin necesidad de realizar ningu\u0301n tra\u0301mite adicional<\/strong>.<\/p>\n<p style=\"margin-bottom: 8pt; line-height: 11.75pt; background: white; text-align: justify;\" align=\"center\">\n<\/p><p style=\"mso-margin-top-alt: auto; mso-margin-bottom-alt: auto; text-align: justify; text-justify: inter-ideograph;\">Cualquier otra gesti\u00f3n relacionada con las entradas deber\u00e1 hacerse&nbsp;<u>a partir del d\u00eda 8 de mayo de 2020 y hasta el d\u00eda 22 de mayo de 2020 a las 23.59 hrs<\/u>.<strong>, <\/strong>a trav\u00e9s del mail&nbsp;<u><a href=\"mailto:venta_entradas@elcorteingles.es\">venta_entradas@elcorteingles.es<\/a><\/u>&nbsp;adjuntando el localizador y los datos de la compra.<br>Y si adquiriste tus entradas en una Agencia de Viajes El Corte Ingl\u00e9s a trav\u00e9s de su web&nbsp;<a href=\"http:\/\/www.viajeselcorteingles.es\/\">www.viajeselcorteingles.es<\/a>&nbsp;rellenando el formulario con los datos de la compra.<\/p>\n<p style=\"text-align: justify;\">Cualquier otra gestio\u0301n relacionada con las entradas debera\u0301 hacerse a partir de hoy 8 de mayo y hasta el 22 de mayo a las 23.59, a trave\u0301s del mismo canal donde fueron compradas.<\/p>\n<p style=\"text-align: justify;\">Agradecemos la comprensio\u0301n y apoyo que nos habe\u0301is trasladado en estas u\u0301ltimas semanas ante estos momentos de incertidumbre y estamos seguros de que el reencuentro va a ser mejor. Ma\u0301s informacio\u0301n en: www.alejandrosanz.com<\/p>\n<p><img loading=\"lazy\" decoding=\"async\" class=\"aligncenter\" src=\"http:\/\/larock.com.es\/site\/wp-content\/uploads\/2020\/05\/ASz_LaGira2021_Banner-600x300.jpg\" sizes=\"auto, (max-width: 600px) 100vw, 600px\" srcset=\"http:\/\/larock.com.es\/site\/wp-content\/uploads\/2020\/05\/ASz_LaGira2021_Banner-600x300.jpg 600w, http:\/\/larock.com.es\/site\/wp-content\/uploads\/2020\/05\/ASz_LaGira2021_Banner-600x300-300x150.jpg 300w\" alt=\"\" width=\"838\" height=\"419\"><\/p>\n\n\n<p><\/p>\n","protected":false},"excerpt":{"rendered":"<p>COMUNICADO MOW MANAGEMENT, GTS y las empresas promotoras de los conciertos de #LaGira de Alejandro Sanz en Fuengirola, CONCERT TOUR, L.A. ROCK y MARENOSTRUM FUEGIROLA, informan que, debido a la situacio\u0301n de emergencia nacional sanitaria provocada por el Covid-19, y a la nueva normativa para especta\u0301culos dictada por las autoridades competentes, las fechas de los [&hellip;]<\/p>\n","protected":false},"author":2,"featured_media":3274,"comment_status":"open","ping_status":"open","sticky":false,"template":"","format":"standard","meta":{"footnotes":""},"categories":[24,27],"tags":[41,40,38,43,42,36,37],"class_list":["post-1847","post","type-post","status-publish","format-standard","has-post-thumbnail","hentry","category-conciertos1","category-noticias","tag-lagira2021","tag-alejandro-sanz","tag-covid-19","tag-l-a-rock","tag-l-a-rock-entertainment","tag-marenostrum","tag-marenostrum-fuengirola"],"_links":{"self":[{"href":"https:\/\/larock.com.es\/site\/wp-json\/wp\/v2\/posts\/1847","targetHints":{"allow":["GET"]}}],"collection":[{"href":"https:\/\/larock.com.es\/site\/wp-json\/wp\/v2\/posts"}],"about":[{"href":"https:\/\/larock.com.es\/site\/wp-json\/wp\/v2\/types\/post"}],"author":[{"embeddable":true,"href":"https:\/\/larock.com.es\/site\/wp-json\/wp\/v2\/users\/2"}],"replies":[{"embeddable":true,"href":"https:\/\/larock.com.es\/site\/wp-json\/wp\/v2\/comments?post=1847"}],"version-history":[{"count":5,"href":"https:\/\/larock.com.es\/site\/wp-json\/wp\/v2\/posts\/1847\/revisions"}],"predecessor-version":[{"id":3281,"href":"https:\/\/larock.com.es\/site\/wp-json\/wp\/v2\/posts\/1847\/revisions\/3281"}],"wp:featuredmedia":[{"embeddable":true,"href":"https:\/\/larock.com.es\/site\/wp-json\/wp\/v2\/media\/3274"}],"wp:attachment":[{"href":"https:\/\/larock.com.es\/site\/wp-json\/wp\/v2\/media?parent=1847"}],"wp:term":[{"taxonomy":"category","embeddable":true,"href":"https:\/\/larock.com.es\/site\/wp-json\/wp\/v2\/categories?post=1847"},{"taxonomy":"post_tag","embeddable":true,"href":"https:\/\/larock.com.es\/site\/wp-json\/wp\/v2\/tags?post=1847"}],"curies":[{"name":"wp","href":"https:\/\/api.w.org\/{rel}","templated":true}]}}