{"id":1837,"date":"2020-05-07T12:23:46","date_gmt":"2020-05-07T12:23:46","guid":{"rendered":"http:\/\/larock.com.es\/site\/?p=1837"},"modified":"2022-01-05T18:10:55","modified_gmt":"2022-01-05T18:10:55","slug":"aplazamiento-monica-naranjo-en-marenostrum-fuengirola","status":"publish","type":"post","link":"https:\/\/larock.com.es\/site\/2020\/05\/07\/aplazamiento-monica-naranjo-en-marenostrum-fuengirola\/","title":{"rendered":"M\u00d3NICA NARANJO EN MARENOSTRUM FUENGIROLA: NUEVA FECHA"},"content":{"rendered":"<p><img decoding=\"async\" title=\"CARTEL APLAZADO a4\" src=\"http:\/\/larock.com.es\/site\/wp-content\/uploads\/elementor\/thumbs\/CARTEL-APLAZADO-a4-op62o76xua9bmmc6int5gwst3elg7u1adfsf8u3too.jpg\" alt=\"CARTEL APLAZADO a4\"><\/p>\n<h3>COMUNICADO<\/h3>\n<p style=\"text-align: justify;\">La situaci\u00f3n actual y m\u00e1s pr\u00f3xima, generada por la terrible pandemia del COVID-19, nos obliga a aplazar el concierto de<strong> M\u00f3nica Naranjo<\/strong>, en Marenostrum Fuengirola, previsto para el pr\u00f3ximo 27 de Junio. Aunque la fecha se sit\u00faa fuera de los plazos establecidos en los hipot\u00e9ticos escenarios de las fases de desescalada, queremos realizar un ejercicio de responsabilidad social y priorizar en la salud y seguridad de todos y todas.<\/p>\n<p style=\"text-align: justify;\">El concierto, queda por tanto, <strong>aplazado al 13 de Agosto de 2021<\/strong>, en mismo horario y recinto. Las entradas ya adquiridas, tendr\u00e1n total validez para la nueva fecha sin la necesidad de realizar ning\u00fan tr\u00e1mite. Del mismo modo, desde el 11 de Mayo hasta el 24 de Mayo a las 23.59h, se establece el periodo de devoluci\u00f3n para aquellos y aquellas que as\u00ed lo soliciten, a trav\u00e9s del canal de venta de entradas de <strong>www.ticketmaster.es<\/strong>.<\/p>\n<p style=\"text-align: justify;\">Lamentamos las molestias que pudieran producirse por este aplazamiento, creemos firmemente en preservar la salud por encima de todo.<\/p>\n<p style=\"text-align: justify;\">Aprovechamos para enviar un mensaje de \u00e1nimo y apoyo a todas las personas que se est\u00e1n viendo afectadas de una manera u otra por las circunstancias que estamos viviendo. Esperamos encontrarnos con todos vosotros y vosotras el pr\u00f3ximo 13 de Agosto de 2021 para vivir un concierto que seguro ser\u00e1 inolvidable.<\/p>\n","protected":false},"excerpt":{"rendered":"<p>COMUNICADO La situaci\u00f3n actual y m\u00e1s pr\u00f3xima, generada por la terrible pandemia del COVID-19, nos obliga a aplazar el concierto de M\u00f3nica Naranjo, en Marenostrum Fuengirola, previsto para el pr\u00f3ximo 27 de Junio. Aunque la fecha se sit\u00faa fuera de los plazos establecidos en los hipot\u00e9ticos escenarios de las fases de desescalada, queremos realizar un [&hellip;]<\/p>\n","protected":false},"author":2,"featured_media":3285,"comment_status":"open","ping_status":"open","sticky":false,"template":"","format":"standard","meta":{"footnotes":""},"categories":[24,27],"tags":[38,43,42,36,37,35,39],"class_list":["post-1837","post","type-post","status-publish","format-standard","has-post-thumbnail","hentry","category-conciertos1","category-noticias","tag-covid-19","tag-l-a-rock","tag-l-a-rock-entertainment","tag-marenostrum","tag-marenostrum-fuengirola","tag-monica-naranjo","tag-renaissance"],"_links":{"self":[{"href":"https:\/\/larock.com.es\/site\/wp-json\/wp\/v2\/posts\/1837","targetHints":{"allow":["GET"]}}],"collection":[{"href":"https:\/\/larock.com.es\/site\/wp-json\/wp\/v2\/posts"}],"about":[{"href":"https:\/\/larock.com.es\/site\/wp-json\/wp\/v2\/types\/post"}],"author":[{"embeddable":true,"href":"https:\/\/larock.com.es\/site\/wp-json\/wp\/v2\/users\/2"}],"replies":[{"embeddable":true,"href":"https:\/\/larock.com.es\/site\/wp-json\/wp\/v2\/comments?post=1837"}],"version-history":[{"count":5,"href":"https:\/\/larock.com.es\/site\/wp-json\/wp\/v2\/posts\/1837\/revisions"}],"predecessor-version":[{"id":3288,"href":"https:\/\/larock.com.es\/site\/wp-json\/wp\/v2\/posts\/1837\/revisions\/3288"}],"wp:featuredmedia":[{"embeddable":true,"href":"https:\/\/larock.com.es\/site\/wp-json\/wp\/v2\/media\/3285"}],"wp:attachment":[{"href":"https:\/\/larock.com.es\/site\/wp-json\/wp\/v2\/media?parent=1837"}],"wp:term":[{"taxonomy":"category","embeddable":true,"href":"https:\/\/larock.com.es\/site\/wp-json\/wp\/v2\/categories?post=1837"},{"taxonomy":"post_tag","embeddable":true,"href":"https:\/\/larock.com.es\/site\/wp-json\/wp\/v2\/tags?post=1837"}],"curies":[{"name":"wp","href":"https:\/\/api.w.org\/{rel}","templated":true}]}}