{"id":1552,"date":"2019-10-15T09:34:40","date_gmt":"2019-10-15T09:34:40","guid":{"rendered":"http:\/\/larock.com.es\/site\/?p=1552"},"modified":"2022-01-05T21:46:12","modified_gmt":"2022-01-05T21:46:12","slug":"vanesa-martin-en-el-teatro-real-entradas-a-la-venta-2","status":"publish","type":"post","link":"https:\/\/larock.com.es\/site\/2019\/10\/15\/vanesa-martin-en-el-teatro-real-entradas-a-la-venta-2\/","title":{"rendered":"VANESA MART\u00cdN EN EL TEATRO REAL: \u00a1ENTRADAS A LA VENTA!"},"content":{"rendered":"<p><img loading=\"lazy\" decoding=\"async\" class=\"alignnone wp-image-1540 size-large\" src=\"http:\/\/larock.com.es\/site\/wp-content\/uploads\/2019\/10\/banner-VANESA-MART\u00cdN-1024x456.jpg\" alt=\"\" width=\"1024\" height=\"456\" srcset=\"https:\/\/larock.com.es\/site\/wp-content\/uploads\/2019\/10\/banner-VANESA-MART\u00cdN-1024x456.jpg 1024w, https:\/\/larock.com.es\/site\/wp-content\/uploads\/2019\/10\/banner-VANESA-MART\u00cdN-300x134.jpg 300w, https:\/\/larock.com.es\/site\/wp-content\/uploads\/2019\/10\/banner-VANESA-MART\u00cdN-768x342.jpg 768w, https:\/\/larock.com.es\/site\/wp-content\/uploads\/2019\/10\/banner-VANESA-MART\u00cdN.jpg 1190w\" sizes=\"auto, (max-width: 1024px) 100vw, 1024px\" \/><\/p>\n<p><strong>Vanesa Mart\u00edn<\/strong> realizar\u00e1 dentro de su gira&nbsp;<em>Todas las mujeres que habitan en m\u00ed<\/em>&nbsp;cuatro conciertos especiales en cuatro recintos \u00fanicos en Espa\u00f1a. Uno de ellos ser\u00e1 el&nbsp;<strong>Teatro Real de Madrid<\/strong>, un recinto ic\u00f3nico para la ciudad y para la propia artista que lo visita por segunda vez.<\/p>\n<p>En estos conciertos \u00fanicos, Vanesa se reencontrar\u00e1 con su p\u00fablico de una<strong>&nbsp;forma mucho m\u00e1s cercana e \u00edntima<\/strong>.<\/p>\n<p>En esta ocasi\u00f3n, Vanesa Mart\u00edn llega al Teatro Real de Madrid para ofrecer de nuevo la fuerza y la<strong>&nbsp;magia de su directo.<\/strong><\/p>\n<h5><strong><span style=\"color: #000000;\"><a  class=\"pixcode  pixcode--btn  btn  btn--large\" href=\"https:\/\/www.teatroreal.es\/es\/comprar-entradas?id=16328\" >Entradas a la venta<\/a><\/span><\/strong><\/h5>\n","protected":false},"excerpt":{"rendered":"<p>Vanesa Mart\u00edn realizar\u00e1 dentro de su gira&nbsp;Todas las mujeres que habitan en m\u00ed&nbsp;cuatro conciertos especiales en cuatro recintos \u00fanicos en Espa\u00f1a. Uno de ellos ser\u00e1 el&nbsp;Teatro Real de Madrid, un recinto ic\u00f3nico para la ciudad y para la propia artista que lo visita por segunda vez. En estos conciertos \u00fanicos, Vanesa se reencontrar\u00e1 con su [&hellip;]<\/p>\n","protected":false},"author":2,"featured_media":3312,"comment_status":"open","ping_status":"open","sticky":false,"template":"","format":"standard","meta":{"footnotes":""},"categories":[24,27],"tags":[43,42,32,45,44],"class_list":["post-1552","post","type-post","status-publish","format-standard","has-post-thumbnail","hentry","category-conciertos1","category-noticias","tag-l-a-rock","tag-l-a-rock-entertainment","tag-madrid","tag-teatro-real","tag-vanesa-marton"],"_links":{"self":[{"href":"https:\/\/larock.com.es\/site\/wp-json\/wp\/v2\/posts\/1552","targetHints":{"allow":["GET"]}}],"collection":[{"href":"https:\/\/larock.com.es\/site\/wp-json\/wp\/v2\/posts"}],"about":[{"href":"https:\/\/larock.com.es\/site\/wp-json\/wp\/v2\/types\/post"}],"author":[{"embeddable":true,"href":"https:\/\/larock.com.es\/site\/wp-json\/wp\/v2\/users\/2"}],"replies":[{"embeddable":true,"href":"https:\/\/larock.com.es\/site\/wp-json\/wp\/v2\/comments?post=1552"}],"version-history":[{"count":5,"href":"https:\/\/larock.com.es\/site\/wp-json\/wp\/v2\/posts\/1552\/revisions"}],"predecessor-version":[{"id":3319,"href":"https:\/\/larock.com.es\/site\/wp-json\/wp\/v2\/posts\/1552\/revisions\/3319"}],"wp:featuredmedia":[{"embeddable":true,"href":"https:\/\/larock.com.es\/site\/wp-json\/wp\/v2\/media\/3312"}],"wp:attachment":[{"href":"https:\/\/larock.com.es\/site\/wp-json\/wp\/v2\/media?parent=1552"}],"wp:term":[{"taxonomy":"category","embeddable":true,"href":"https:\/\/larock.com.es\/site\/wp-json\/wp\/v2\/categories?post=1552"},{"taxonomy":"post_tag","embeddable":true,"href":"https:\/\/larock.com.es\/site\/wp-json\/wp\/v2\/tags?post=1552"}],"curies":[{"name":"wp","href":"https:\/\/api.w.org\/{rel}","templated":true}]}}