{"id":1292,"date":"2019-02-12T16:03:36","date_gmt":"2019-02-12T16:03:36","guid":{"rendered":"http:\/\/larock.com.es\/site\/?p=1292"},"modified":"2022-01-05T18:27:10","modified_gmt":"2022-01-05T18:27:10","slug":"estrella-morente-en-el-teatro-real","status":"publish","type":"post","link":"https:\/\/larock.com.es\/site\/2019\/02\/12\/estrella-morente-en-el-teatro-real\/","title":{"rendered":"ESTRELLA MORENTE EN EL TEATRO REAL"},"content":{"rendered":"<p style=\"text-align: justify;\"><strong>&#8216;Copla&#8217;<\/strong>, as\u00ed de expl\u00edcito y rotundo, es el t\u00edtulo del&nbsp;nuevo trabajo discogr\u00e1fico&nbsp;de<strong> Estrella Morente<\/strong>. Un proyecto que arranc\u00f3 con su padre, del que ya podemos o\u00edr el primer sencillo, &#8216;Soledad&#8217;, y que presentar\u00e1 en toda su dimensi\u00f3n a finales de febrero.<\/p>\n<p>Es el regreso al estudio de una las personalidades m\u00e1s arrolladoras de la m\u00fasica,&nbsp;<strong>Estrella posee un profundo conocimiento de su arte<\/strong>, as\u00ed como un gusto refinado innato, se ha convertido en punto de referencia tanto para la afici\u00f3n flamenca como para amantes de la m\u00fasica en general, al mezclar las influencias a\u00f1ejas de su Granada natal con las \u00faltimas tendencias del flamenco en el nuevo milenio.<\/p>\n<p>Lejos de pertenecer a tiempos pret\u00e9ritos y de estar caduca o agotada, la copla resurge en su voz profunda y sincera, su obra, siendo pura y ortodoxa, contiene elementos \u00fanicos y personales que constituyen una verdadera revoluci\u00f3n en el panorama de la&nbsp;<strong>tradici\u00f3n flamenca<\/strong>.<\/p>\n<hr>\n<p style=\"text-align: center;\"><strong>Ciudad \u2013 Madrid<\/strong><\/p>\n<p style=\"text-align: center;\"><strong>D\u00f3nde \u2013 Teatro Real<\/strong><\/p>\n<p style=\"text-align: center;\"><strong>Fecha &#8211; 05 de Mayo de 2019<\/strong><\/p>\n<p style=\"text-align: center;\"><strong>Horario \u2013&nbsp;21:00 h<\/strong><\/p>\n<p style=\"text-align: center;\"><strong>Entradas \u2013<a href=\"https:\/\/www.teatro-real.com\/es\/temporada-18-19\/conciertos-y-recitales\/estrella-morente\" target=\"_blank\" rel=\"noopener\">&nbsp;Comprar entradas<\/a><\/strong><\/p>\n","protected":false},"excerpt":{"rendered":"<p>&#8216;Copla&#8217;, as\u00ed de expl\u00edcito y rotundo, es el t\u00edtulo del&nbsp;nuevo trabajo discogr\u00e1fico&nbsp;de Estrella Morente. Un proyecto que arranc\u00f3 con su padre, del que ya podemos o\u00edr el primer sencillo, &#8216;Soledad&#8217;, y que presentar\u00e1 en toda su dimensi\u00f3n a finales de febrero. Es el regreso al estudio de una las personalidades m\u00e1s arrolladoras de la m\u00fasica,&nbsp;Estrella [&hellip;]<\/p>\n","protected":false},"author":2,"featured_media":3290,"comment_status":"open","ping_status":"open","sticky":false,"template":"","format":"standard","meta":{"footnotes":""},"categories":[24,27],"tags":[47,46,43,42,45],"class_list":["post-1292","post","type-post","status-publish","format-standard","has-post-thumbnail","hentry","category-conciertos1","category-noticias","tag-copla","tag-estrella-morente","tag-l-a-rock","tag-l-a-rock-entertainment","tag-teatro-real"],"_links":{"self":[{"href":"https:\/\/larock.com.es\/site\/wp-json\/wp\/v2\/posts\/1292","targetHints":{"allow":["GET"]}}],"collection":[{"href":"https:\/\/larock.com.es\/site\/wp-json\/wp\/v2\/posts"}],"about":[{"href":"https:\/\/larock.com.es\/site\/wp-json\/wp\/v2\/types\/post"}],"author":[{"embeddable":true,"href":"https:\/\/larock.com.es\/site\/wp-json\/wp\/v2\/users\/2"}],"replies":[{"embeddable":true,"href":"https:\/\/larock.com.es\/site\/wp-json\/wp\/v2\/comments?post=1292"}],"version-history":[{"count":5,"href":"https:\/\/larock.com.es\/site\/wp-json\/wp\/v2\/posts\/1292\/revisions"}],"predecessor-version":[{"id":3291,"href":"https:\/\/larock.com.es\/site\/wp-json\/wp\/v2\/posts\/1292\/revisions\/3291"}],"wp:featuredmedia":[{"embeddable":true,"href":"https:\/\/larock.com.es\/site\/wp-json\/wp\/v2\/media\/3290"}],"wp:attachment":[{"href":"https:\/\/larock.com.es\/site\/wp-json\/wp\/v2\/media?parent=1292"}],"wp:term":[{"taxonomy":"category","embeddable":true,"href":"https:\/\/larock.com.es\/site\/wp-json\/wp\/v2\/categories?post=1292"},{"taxonomy":"post_tag","embeddable":true,"href":"https:\/\/larock.com.es\/site\/wp-json\/wp\/v2\/tags?post=1292"}],"curies":[{"name":"wp","href":"https:\/\/api.w.org\/{rel}","templated":true}]}}