{"id":1288,"date":"2019-02-04T10:32:52","date_gmt":"2019-02-04T10:32:52","guid":{"rendered":"http:\/\/larock.com.es\/site\/?p=1288"},"modified":"2022-01-05T21:45:55","modified_gmt":"2022-01-05T21:45:55","slug":"nuestro-proyecto-solidario-curar-y-cantar-llega-en-2019-al-hospital-nino-jesus","status":"publish","type":"post","link":"https:\/\/larock.com.es\/site\/2019\/02\/04\/nuestro-proyecto-solidario-curar-y-cantar-llega-en-2019-al-hospital-nino-jesus\/","title":{"rendered":"NUESTRO PROYECTO SOLIDARIO \u00abCURAR Y CANTAR\u00bb LLEGA EN 2019 AL HOSPITAL NI\u00d1O JES\u00daS"},"content":{"rendered":"<p style=\"text-align: justify;\"><strong>Este 2019 vuelve &#8216;Curar y Cantar&#8217;, un proyecto de la Plataforma del Voluntariado y L.A. Rock Entertainment que pretende introducir la solidaridad en las aulas a trav\u00e9s de la m\u00fasica y se realiza gracias al apoyo del Ministerio de Sanidad, Consumo y Bienestar Social.<\/strong><\/p>\n<p style=\"text-align: justify;\">La primera edici\u00f3n de &#8216;<a href=\"http:\/\/plataformavoluntariado.org\/curar-y-cantar\/\" target=\"_blank\" rel=\"noopener\">Curar y Cantar<\/a>&#8216;&nbsp;2019 se va a llevar a cabo con el Instituto Carlos Bousu\u00f1o de Majadahonda y en el madrile\u00f1o Hospital Ni\u00f1o Jes\u00fas. El proyecto se realiza en dos partes: en la primera, los alumnos y alumnas del instituto participan en un taller que les acerca al voluntariado. Posteriormente, ensayan una canci\u00f3n con m\u00fasicos profesionales para poder interpretarla en un centro hospitalario, en este caso el Hospital Ni\u00f1o Jes\u00fas, ante pacientes y familiares.<\/p>\n<p style=\"text-align: justify;\">Tras las actuaci\u00f3n de los estudiantes, tendr\u00e1 lugar el show de un grupo musical, en esta ocasi\u00f3n ser\u00e1n los <strong>Cantajuego<\/strong>, que colaborar\u00e1n de forma altruista en el proyecto. El prop\u00f3sito de &#8216;Curar y Cantar&#8217; es sensibilizar a la adolescencia acerca del voluntariado, facilit\u00e1ndoles una experiencia que puedan recordar a lo largo de su vida y que les anime a implicarse en el voluntariado como forma de cambio social.<\/p>\n","protected":false},"excerpt":{"rendered":"<p>Este 2019 vuelve &#8216;Curar y Cantar&#8217;, un proyecto de la Plataforma del Voluntariado y L.A. Rock Entertainment que pretende introducir la solidaridad en las aulas a trav\u00e9s de la m\u00fasica y se realiza gracias al apoyo del Ministerio de Sanidad, Consumo y Bienestar Social. La primera edici\u00f3n de &#8216;Curar y Cantar&#8216;&nbsp;2019 se va a llevar [&hellip;]<\/p>\n","protected":false},"author":2,"featured_media":3313,"comment_status":"open","ping_status":"open","sticky":false,"template":"","format":"standard","meta":{"footnotes":""},"categories":[26,27],"tags":[49,48,43,42,50],"class_list":["post-1288","post","type-post","status-publish","format-standard","has-post-thumbnail","hentry","category-espectaculos","category-noticias","tag-cantajuego","tag-curar-y-cantar","tag-l-a-rock","tag-l-a-rock-entertainment","tag-voluntariado"],"_links":{"self":[{"href":"https:\/\/larock.com.es\/site\/wp-json\/wp\/v2\/posts\/1288","targetHints":{"allow":["GET"]}}],"collection":[{"href":"https:\/\/larock.com.es\/site\/wp-json\/wp\/v2\/posts"}],"about":[{"href":"https:\/\/larock.com.es\/site\/wp-json\/wp\/v2\/types\/post"}],"author":[{"embeddable":true,"href":"https:\/\/larock.com.es\/site\/wp-json\/wp\/v2\/users\/2"}],"replies":[{"embeddable":true,"href":"https:\/\/larock.com.es\/site\/wp-json\/wp\/v2\/comments?post=1288"}],"version-history":[{"count":5,"href":"https:\/\/larock.com.es\/site\/wp-json\/wp\/v2\/posts\/1288\/revisions"}],"predecessor-version":[{"id":3318,"href":"https:\/\/larock.com.es\/site\/wp-json\/wp\/v2\/posts\/1288\/revisions\/3318"}],"wp:featuredmedia":[{"embeddable":true,"href":"https:\/\/larock.com.es\/site\/wp-json\/wp\/v2\/media\/3313"}],"wp:attachment":[{"href":"https:\/\/larock.com.es\/site\/wp-json\/wp\/v2\/media?parent=1288"}],"wp:term":[{"taxonomy":"category","embeddable":true,"href":"https:\/\/larock.com.es\/site\/wp-json\/wp\/v2\/categories?post=1288"},{"taxonomy":"post_tag","embeddable":true,"href":"https:\/\/larock.com.es\/site\/wp-json\/wp\/v2\/tags?post=1288"}],"curies":[{"name":"wp","href":"https:\/\/api.w.org\/{rel}","templated":true}]}}